{"id":53982,"date":"2020-06-16T10:57:54","date_gmt":"2020-06-16T10:57:54","guid":{"rendered":"https:\/\/constantinianorder.net\/lombardia-attivita-di-giugno\/"},"modified":"2025-10-21T19:52:06","modified_gmt":"2025-10-21T19:52:06","slug":"lombardia-actividades-en-junio","status":"publish","type":"post","link":"https:\/\/constantinianorder.com\/es\/lombardia-actividades-en-junio\/","title":{"rendered":"LOMBARDIA: ACTIVIDADES EN JUNIO"},"content":{"rendered":"\n<figure class=\"wp-block-image\"><img fetchpriority=\"high\" decoding=\"async\" width=\"1024\" height=\"681\" src=\"https:\/\/constantinianorder.com\/wp-content\/uploads\/2020\/06\/CORPUS-LOMBARDIA-1024x681.jpg\" alt=\"\" class=\"wp-image-53967\" srcset=\"https:\/\/constantinianorder.com\/wp-content\/uploads\/2020\/06\/CORPUS-LOMBARDIA-1024x681.jpg 1024w, https:\/\/constantinianorder.com\/wp-content\/uploads\/2020\/06\/CORPUS-LOMBARDIA-300x200.jpg 300w, https:\/\/constantinianorder.com\/wp-content\/uploads\/2020\/06\/CORPUS-LOMBARDIA-768x511.jpg 768w, https:\/\/constantinianorder.com\/wp-content\/uploads\/2020\/06\/CORPUS-LOMBARDIA-1536x1021.jpg 1536w, https:\/\/constantinianorder.com\/wp-content\/uploads\/2020\/06\/CORPUS-LOMBARDIA.jpg 1600w\" sizes=\"(max-width: 1024px) 100vw, 1024px\" \/><\/figure>\n\n\n\n<p>El jueves 11 de junio, fiesta del Corpus Christi, los Caballeros de la delegaci\u00f3n fueron invitados a participar en una celebraci\u00f3n oficial en la di\u00f3cesis de Brescia, presidida por Mons. Pierantonio Tremolada, Obispo de Brescia. La ceremonia fue particularmente conmovedora dada la situaci\u00f3n actual causada por la pandemia. <\/p>\n\n\n\n<figure class=\"wp-block-image\"><img decoding=\"async\" width=\"1024\" height=\"768\" src=\"https:\/\/constantinianorder.com\/wp-content\/uploads\/2020\/06\/LOMBARDIA-12-GIUGNO-1024x768.jpg\" alt=\"\" class=\"wp-image-53971\" srcset=\"https:\/\/constantinianorder.com\/wp-content\/uploads\/2020\/06\/LOMBARDIA-12-GIUGNO-1024x768.jpg 1024w, https:\/\/constantinianorder.com\/wp-content\/uploads\/2020\/06\/LOMBARDIA-12-GIUGNO-300x225.jpg 300w, https:\/\/constantinianorder.com\/wp-content\/uploads\/2020\/06\/LOMBARDIA-12-GIUGNO-768x576.jpg 768w, https:\/\/constantinianorder.com\/wp-content\/uploads\/2020\/06\/LOMBARDIA-12-GIUGNO-1536x1152.jpg 1536w, https:\/\/constantinianorder.com\/wp-content\/uploads\/2020\/06\/LOMBARDIA-12-GIUGNO.jpg 1600w\" sizes=\"(max-width: 1024px) 100vw, 1024px\" \/><\/figure>\n\n\n\n<p>En el programa de colaboraci\u00f3n con la Caritas, el secretario de la representaci\u00f3n de Brescia, Sr. Maurizio Mirandola, asistido por el Sr. Romano Savi, en coordinaci\u00f3n con el Vice Delegado y el Prior, asegur\u00f3 la entrega de alimentos destinados a las necesidades de varios familias y personas mayores asistidas por la parroquia. <\/p>\n\n\n\n<figure class=\"wp-block-image\"><img decoding=\"async\" src=\"https:\/\/constantinianorder.com\/wp-content\/uploads\/2020\/06\/LOMBARDIA-13-GIUGNO-768x1024.jpg\" alt=\"\" class=\"wp-image-53975\"\/><\/figure>\n\n\n\n<p>El Sr. Giuseppe Perego, en coordinaci\u00f3n con el Vice Delegado y el Prior, de acuerdo con el capell\u00e1n Mons. Michele Somaschini y la colaboraci\u00f3n del Sr. Pierangelo Pagani, entregaron 2 paletas de productos alimenticios, ofrecidos por la compa\u00f1\u00eda Giovanni Rana, en la Don Folci Opera en Como y en Caritas en Seregno.<\/p>\n","protected":false},"excerpt":{"rendered":"<p>El jueves 11 de junio, fiesta del Corpus Christi, los Caballeros de la delegaci\u00f3n fueron invitados a participar en una celebraci\u00f3n oficial en la di\u00f3cesis de Brescia, presidida por Mons. Pierantonio Tremolada, Obispo de Brescia. La ceremonia fue particularmente conmovedora dada la situaci\u00f3n actual causada por la pandemia. En el programa de colaboraci\u00f3n con la [&hellip;]<\/p>\n","protected":false},"author":1,"featured_media":0,"comment_status":"closed","ping_status":"closed","sticky":false,"template":"","format":"standard","meta":{"footnotes":""},"categories":[218],"tags":[],"class_list":["post-53982","post","type-post","status-publish","format-standard","hentry","category-delegacion-de-lombardia"],"yoast_head":"<!-- This site is optimized with the Yoast SEO plugin v26.5 - https:\/\/yoast.com\/wordpress\/plugins\/seo\/ -->\n<title>LOMBARDIA: ACTIVIDADES EN JUNIO - Sacro Militare Ordine Costantiniano di San Giorgio<\/title>\n<meta name=\"robots\" content=\"index, follow, max-snippet:-1, max-image-preview:large, max-video-preview:-1\" \/>\n<link rel=\"canonical\" href=\"https:\/\/constantinianorder.com\/lombardia-attivita-di-giugno\/\" \/>\n<meta property=\"og:locale\" content=\"es_ES\" \/>\n<meta property=\"og:type\" content=\"article\" \/>\n<meta property=\"og:title\" content=\"LOMBARDIA: ACTIVIDADES EN JUNIO - Sacro Militare Ordine Costantiniano di San Giorgio\" \/>\n<meta property=\"og:description\" content=\"El jueves 11 de junio, fiesta del Corpus Christi, los Caballeros de la delegaci\u00f3n fueron invitados a participar en una celebraci\u00f3n oficial en la di\u00f3cesis de Brescia, presidida por Mons. Pierantonio Tremolada, Obispo de Brescia. La ceremonia fue particularmente conmovedora dada la situaci\u00f3n actual causada por la pandemia. En el programa de colaboraci\u00f3n con la [&hellip;]\" \/>\n<meta property=\"og:url\" content=\"https:\/\/constantinianorder.com\/lombardia-attivita-di-giugno\/\" \/>\n<meta property=\"og:site_name\" content=\"Sacro Militare Ordine Costantiniano di San Giorgio\" \/>\n<meta property=\"article:publisher\" content=\"https:\/\/www.facebook.com\/constantinianorder\" \/>\n<meta property=\"article:published_time\" content=\"2020-06-16T10:57:54+00:00\" \/>\n<meta property=\"article:modified_time\" content=\"2025-10-21T19:52:06+00:00\" \/>\n<meta property=\"og:image\" content=\"https:\/\/constantinianorder.com\/wp-content\/uploads\/2020\/06\/CORPUS-LOMBARDIA.jpg\" \/>\n\t<meta property=\"og:image:width\" content=\"1600\" \/>\n\t<meta property=\"og:image:height\" content=\"1064\" \/>\n\t<meta property=\"og:image:type\" content=\"image\/jpeg\" \/>\n<meta name=\"author\" content=\"admin\" \/>\n<meta name=\"twitter:card\" content=\"summary_large_image\" \/>\n<meta name=\"twitter:label1\" content=\"Escrito por\" \/>\n\t<meta name=\"twitter:data1\" content=\"admin\" \/>\n\t<meta name=\"twitter:label2\" content=\"Tiempo de lectura\" \/>\n\t<meta name=\"twitter:data2\" content=\"1 minuto\" \/>\n<script type=\"application\/ld+json\" class=\"yoast-schema-graph\">{\"@context\":\"https:\/\/schema.org\",\"@graph\":[{\"@type\":\"Article\",\"@id\":\"https:\/\/constantinianorder.com\/lombardia-attivita-di-giugno\/#article\",\"isPartOf\":{\"@id\":\"https:\/\/constantinianorder.com\/lombardia-attivita-di-giugno\/\"},\"author\":{\"name\":\"admin\",\"@id\":\"https:\/\/constantinianorder.com\/#\/schema\/person\/493f3b1475d575dcddda4ec923772c66\"},\"headline\":\"LOMBARDIA: ACTIVIDADES EN JUNIO\",\"datePublished\":\"2020-06-16T10:57:54+00:00\",\"dateModified\":\"2025-10-21T19:52:06+00:00\",\"mainEntityOfPage\":{\"@id\":\"https:\/\/constantinianorder.com\/lombardia-attivita-di-giugno\/\"},\"wordCount\":165,\"publisher\":{\"@id\":\"https:\/\/constantinianorder.com\/#organization\"},\"image\":{\"@id\":\"https:\/\/constantinianorder.com\/lombardia-attivita-di-giugno\/#primaryimage\"},\"thumbnailUrl\":\"https:\/\/constantinianorder.com\/wp-content\/uploads\/2020\/06\/CORPUS-LOMBARDIA-1024x681.jpg\",\"articleSection\":[\"Delegaci\u00f3n de Lombardia\"],\"inLanguage\":\"es\"},{\"@type\":\"WebPage\",\"@id\":\"https:\/\/constantinianorder.com\/lombardia-attivita-di-giugno\/\",\"url\":\"https:\/\/constantinianorder.com\/lombardia-attivita-di-giugno\/\",\"name\":\"LOMBARDIA: ACTIVIDADES EN JUNIO - Sacro Militare Ordine Costantiniano di San Giorgio\",\"isPartOf\":{\"@id\":\"https:\/\/constantinianorder.com\/#website\"},\"primaryImageOfPage\":{\"@id\":\"https:\/\/constantinianorder.com\/lombardia-attivita-di-giugno\/#primaryimage\"},\"image\":{\"@id\":\"https:\/\/constantinianorder.com\/lombardia-attivita-di-giugno\/#primaryimage\"},\"thumbnailUrl\":\"https:\/\/constantinianorder.com\/wp-content\/uploads\/2020\/06\/CORPUS-LOMBARDIA-1024x681.jpg\",\"datePublished\":\"2020-06-16T10:57:54+00:00\",\"dateModified\":\"2025-10-21T19:52:06+00:00\",\"breadcrumb\":{\"@id\":\"https:\/\/constantinianorder.com\/lombardia-attivita-di-giugno\/#breadcrumb\"},\"inLanguage\":\"es\",\"potentialAction\":[{\"@type\":\"ReadAction\",\"target\":[\"https:\/\/constantinianorder.com\/lombardia-attivita-di-giugno\/\"]}]},{\"@type\":\"ImageObject\",\"inLanguage\":\"es\",\"@id\":\"https:\/\/constantinianorder.com\/lombardia-attivita-di-giugno\/#primaryimage\",\"url\":\"https:\/\/constantinianorder.com\/wp-content\/uploads\/2020\/06\/CORPUS-LOMBARDIA-1024x681.jpg\",\"contentUrl\":\"https:\/\/constantinianorder.com\/wp-content\/uploads\/2020\/06\/CORPUS-LOMBARDIA-1024x681.jpg\"},{\"@type\":\"BreadcrumbList\",\"@id\":\"https:\/\/constantinianorder.com\/lombardia-attivita-di-giugno\/#breadcrumb\",\"itemListElement\":[{\"@type\":\"ListItem\",\"position\":1,\"name\":\"Home\",\"item\":\"https:\/\/constantinianorder.com\/en\/\"},{\"@type\":\"ListItem\",\"position\":2,\"name\":\"LOMBARDIA: ACTIVIDADES EN JUNIO\"}]},{\"@type\":\"WebSite\",\"@id\":\"https:\/\/constantinianorder.com\/#website\",\"url\":\"https:\/\/constantinianorder.com\/\",\"name\":\"Sacro Militare Ordine Costantiniano di San Giorgio\",\"description\":\"Ordine Ufficiale\",\"publisher\":{\"@id\":\"https:\/\/constantinianorder.com\/#organization\"},\"potentialAction\":[{\"@type\":\"SearchAction\",\"target\":{\"@type\":\"EntryPoint\",\"urlTemplate\":\"https:\/\/constantinianorder.com\/?s={search_term_string}\"},\"query-input\":{\"@type\":\"PropertyValueSpecification\",\"valueRequired\":true,\"valueName\":\"search_term_string\"}}],\"inLanguage\":\"es\"},{\"@type\":\"Organization\",\"@id\":\"https:\/\/constantinianorder.com\/#organization\",\"name\":\"Sacro Militare Ordine Costantiniano di San Giorgio\",\"url\":\"https:\/\/constantinianorder.com\/\",\"logo\":{\"@type\":\"ImageObject\",\"inLanguage\":\"es\",\"@id\":\"https:\/\/constantinianorder.com\/#\/schema\/logo\/image\/\",\"url\":\"https:\/\/constantinianorder.com\/wp-content\/uploads\/2025\/10\/cropped-logo-costantiniano.png\",\"contentUrl\":\"https:\/\/constantinianorder.com\/wp-content\/uploads\/2025\/10\/cropped-logo-costantiniano.png\",\"width\":512,\"height\":512,\"caption\":\"Sacro Militare Ordine Costantiniano di San Giorgio\"},\"image\":{\"@id\":\"https:\/\/constantinianorder.com\/#\/schema\/logo\/image\/\"},\"sameAs\":[\"https:\/\/www.facebook.com\/constantinianorder\",\"https:\/\/www.instagram.com\/constantinianorder\/\",\"https:\/\/www.youtube.com\/@granmagisterodelsacromilit9375\"]},{\"@type\":\"Person\",\"@id\":\"https:\/\/constantinianorder.com\/#\/schema\/person\/493f3b1475d575dcddda4ec923772c66\",\"name\":\"admin\",\"sameAs\":[\"https:\/\/constantinianorder.com\"],\"url\":\"https:\/\/constantinianorder.com\/es\/author\/domain_jlukbpo7\/\"}]}<\/script>\n<!-- \/ Yoast SEO plugin. -->","yoast_head_json":{"title":"LOMBARDIA: ACTIVIDADES EN JUNIO - Sacro Militare Ordine Costantiniano di San Giorgio","robots":{"index":"index","follow":"follow","max-snippet":"max-snippet:-1","max-image-preview":"max-image-preview:large","max-video-preview":"max-video-preview:-1"},"canonical":"https:\/\/constantinianorder.com\/lombardia-attivita-di-giugno\/","og_locale":"es_ES","og_type":"article","og_title":"LOMBARDIA: ACTIVIDADES EN JUNIO - Sacro Militare Ordine Costantiniano di San Giorgio","og_description":"El jueves 11 de junio, fiesta del Corpus Christi, los Caballeros de la delegaci\u00f3n fueron invitados a participar en una celebraci\u00f3n oficial en la di\u00f3cesis de Brescia, presidida por Mons. Pierantonio Tremolada, Obispo de Brescia. La ceremonia fue particularmente conmovedora dada la situaci\u00f3n actual causada por la pandemia. En el programa de colaboraci\u00f3n con la [&hellip;]","og_url":"https:\/\/constantinianorder.com\/lombardia-attivita-di-giugno\/","og_site_name":"Sacro Militare Ordine Costantiniano di San Giorgio","article_publisher":"https:\/\/www.facebook.com\/constantinianorder","article_published_time":"2020-06-16T10:57:54+00:00","article_modified_time":"2025-10-21T19:52:06+00:00","og_image":[{"width":1600,"height":1064,"url":"https:\/\/constantinianorder.com\/wp-content\/uploads\/2020\/06\/CORPUS-LOMBARDIA.jpg","type":"image\/jpeg"}],"author":"admin","twitter_card":"summary_large_image","twitter_misc":{"Escrito por":"admin","Tiempo de lectura":"1 minuto"},"schema":{"@context":"https:\/\/schema.org","@graph":[{"@type":"Article","@id":"https:\/\/constantinianorder.com\/lombardia-attivita-di-giugno\/#article","isPartOf":{"@id":"https:\/\/constantinianorder.com\/lombardia-attivita-di-giugno\/"},"author":{"name":"admin","@id":"https:\/\/constantinianorder.com\/#\/schema\/person\/493f3b1475d575dcddda4ec923772c66"},"headline":"LOMBARDIA: ACTIVIDADES EN JUNIO","datePublished":"2020-06-16T10:57:54+00:00","dateModified":"2025-10-21T19:52:06+00:00","mainEntityOfPage":{"@id":"https:\/\/constantinianorder.com\/lombardia-attivita-di-giugno\/"},"wordCount":165,"publisher":{"@id":"https:\/\/constantinianorder.com\/#organization"},"image":{"@id":"https:\/\/constantinianorder.com\/lombardia-attivita-di-giugno\/#primaryimage"},"thumbnailUrl":"https:\/\/constantinianorder.com\/wp-content\/uploads\/2020\/06\/CORPUS-LOMBARDIA-1024x681.jpg","articleSection":["Delegaci\u00f3n de Lombardia"],"inLanguage":"es"},{"@type":"WebPage","@id":"https:\/\/constantinianorder.com\/lombardia-attivita-di-giugno\/","url":"https:\/\/constantinianorder.com\/lombardia-attivita-di-giugno\/","name":"LOMBARDIA: ACTIVIDADES EN JUNIO - Sacro Militare Ordine Costantiniano di San Giorgio","isPartOf":{"@id":"https:\/\/constantinianorder.com\/#website"},"primaryImageOfPage":{"@id":"https:\/\/constantinianorder.com\/lombardia-attivita-di-giugno\/#primaryimage"},"image":{"@id":"https:\/\/constantinianorder.com\/lombardia-attivita-di-giugno\/#primaryimage"},"thumbnailUrl":"https:\/\/constantinianorder.com\/wp-content\/uploads\/2020\/06\/CORPUS-LOMBARDIA-1024x681.jpg","datePublished":"2020-06-16T10:57:54+00:00","dateModified":"2025-10-21T19:52:06+00:00","breadcrumb":{"@id":"https:\/\/constantinianorder.com\/lombardia-attivita-di-giugno\/#breadcrumb"},"inLanguage":"es","potentialAction":[{"@type":"ReadAction","target":["https:\/\/constantinianorder.com\/lombardia-attivita-di-giugno\/"]}]},{"@type":"ImageObject","inLanguage":"es","@id":"https:\/\/constantinianorder.com\/lombardia-attivita-di-giugno\/#primaryimage","url":"https:\/\/constantinianorder.com\/wp-content\/uploads\/2020\/06\/CORPUS-LOMBARDIA-1024x681.jpg","contentUrl":"https:\/\/constantinianorder.com\/wp-content\/uploads\/2020\/06\/CORPUS-LOMBARDIA-1024x681.jpg"},{"@type":"BreadcrumbList","@id":"https:\/\/constantinianorder.com\/lombardia-attivita-di-giugno\/#breadcrumb","itemListElement":[{"@type":"ListItem","position":1,"name":"Home","item":"https:\/\/constantinianorder.com\/en\/"},{"@type":"ListItem","position":2,"name":"LOMBARDIA: ACTIVIDADES EN JUNIO"}]},{"@type":"WebSite","@id":"https:\/\/constantinianorder.com\/#website","url":"https:\/\/constantinianorder.com\/","name":"Sacro Militare Ordine Costantiniano di San Giorgio","description":"Ordine Ufficiale","publisher":{"@id":"https:\/\/constantinianorder.com\/#organization"},"potentialAction":[{"@type":"SearchAction","target":{"@type":"EntryPoint","urlTemplate":"https:\/\/constantinianorder.com\/?s={search_term_string}"},"query-input":{"@type":"PropertyValueSpecification","valueRequired":true,"valueName":"search_term_string"}}],"inLanguage":"es"},{"@type":"Organization","@id":"https:\/\/constantinianorder.com\/#organization","name":"Sacro Militare Ordine Costantiniano di San Giorgio","url":"https:\/\/constantinianorder.com\/","logo":{"@type":"ImageObject","inLanguage":"es","@id":"https:\/\/constantinianorder.com\/#\/schema\/logo\/image\/","url":"https:\/\/constantinianorder.com\/wp-content\/uploads\/2025\/10\/cropped-logo-costantiniano.png","contentUrl":"https:\/\/constantinianorder.com\/wp-content\/uploads\/2025\/10\/cropped-logo-costantiniano.png","width":512,"height":512,"caption":"Sacro Militare Ordine Costantiniano di San Giorgio"},"image":{"@id":"https:\/\/constantinianorder.com\/#\/schema\/logo\/image\/"},"sameAs":["https:\/\/www.facebook.com\/constantinianorder","https:\/\/www.instagram.com\/constantinianorder\/","https:\/\/www.youtube.com\/@granmagisterodelsacromilit9375"]},{"@type":"Person","@id":"https:\/\/constantinianorder.com\/#\/schema\/person\/493f3b1475d575dcddda4ec923772c66","name":"admin","sameAs":["https:\/\/constantinianorder.com"],"url":"https:\/\/constantinianorder.com\/es\/author\/domain_jlukbpo7\/"}]}},"_links":{"self":[{"href":"https:\/\/constantinianorder.com\/es\/wp-json\/wp\/v2\/posts\/53982","targetHints":{"allow":["GET"]}}],"collection":[{"href":"https:\/\/constantinianorder.com\/es\/wp-json\/wp\/v2\/posts"}],"about":[{"href":"https:\/\/constantinianorder.com\/es\/wp-json\/wp\/v2\/types\/post"}],"author":[{"embeddable":true,"href":"https:\/\/constantinianorder.com\/es\/wp-json\/wp\/v2\/users\/1"}],"replies":[{"embeddable":true,"href":"https:\/\/constantinianorder.com\/es\/wp-json\/wp\/v2\/comments?post=53982"}],"version-history":[{"count":1,"href":"https:\/\/constantinianorder.com\/es\/wp-json\/wp\/v2\/posts\/53982\/revisions"}],"predecessor-version":[{"id":90773,"href":"https:\/\/constantinianorder.com\/es\/wp-json\/wp\/v2\/posts\/53982\/revisions\/90773"}],"wp:attachment":[{"href":"https:\/\/constantinianorder.com\/es\/wp-json\/wp\/v2\/media?parent=53982"}],"wp:term":[{"taxonomy":"category","embeddable":true,"href":"https:\/\/constantinianorder.com\/es\/wp-json\/wp\/v2\/categories?post=53982"},{"taxonomy":"post_tag","embeddable":true,"href":"https:\/\/constantinianorder.com\/es\/wp-json\/wp\/v2\/tags?post=53982"}],"curies":[{"name":"wp","href":"https:\/\/api.w.org\/{rel}","templated":true}]}}