{"id":53892,"date":"2020-06-12T10:22:37","date_gmt":"2020-06-12T10:22:37","guid":{"rendered":"https:\/\/constantinianorder.net\/riapertura-degli-uffici-della-cancelleria\/"},"modified":"2025-10-21T19:51:58","modified_gmt":"2025-10-21T19:51:58","slug":"apertura-de-la-oficina-de-cancilleria","status":"publish","type":"post","link":"https:\/\/constantinianorder.com\/es\/apertura-de-la-oficina-de-cancilleria\/","title":{"rendered":"APERTURA DE LA OFICINA DE CANCILLER\u00cdA"},"content":{"rendered":"\n<p>Les informamos que las oficinas de la Canciller\u00eda volver\u00e1n a abrir desde el lunes 15 de junio.<\/p>\n\n\n\n<p>De conformidad con las normas dictadas por el \u00abProtocolo compartido para la regulaci\u00f3n de las medidas para controlar la propagaci\u00f3n del virus COVID-19 en el lugar de trabajo\u00bb entre la Presidencia del Consejo de Ministros, el Ministerio de Trabajo y el Ministerio de Desarrollo Econ\u00f3mico, el Ministerio de Salud y los interlocutores sociales, firmado el 24.4.2020 y publicado en el Diario Oficial como anexo n \u00b0 12 del decreto legislativo n \u00b0 34\/2020 del 19.05.2020, debemos comunicar las instrucciones y c\u00f3mo acceder a los locales de la canciller\u00eda:<\/p>\n\n\n\n<ol class=\"wp-block-list\"><li>El acceso a la oficina est\u00e1 prohibido para quienes tienen s\u00edntomas de gripe, temperatura corporal> 37.5 \u00b0 C, provenientes de \u00e1reas de riesgo; aquellos que han tenido contactow con personas positivas en los \u00faltimos 14 d\u00edas, todos aquellos que ya est\u00e1n bajo vigilancia activa por su Unidad Local de Salud. Estas son condiciones que requieren, con base en las medidas vigentes, informar al m\u00e9dico de familia o la autoridad sanitaria competente.<\/li><li>Para el acceso, todos deben usar m\u00e1scaras quir\u00fargicas que se proporcionar\u00e1n, para aquellos que no las tengan, en la entrada.<\/li><li>Tambi\u00e9n se recomienda el uso de guantes desechables. En caso de ausencia, los visitantes pueden lavarse las manos con detergentes a base de alcohol y se podr\u00e1 acceder a ellos a trav\u00e9s de dispensadores ubicados en la entrada.<\/li><li> Se permitir\u00e1 el acceso a la oficina siempre y solo con cita previa y para un m\u00e1ximo de 2 personas a la vez. La duraci\u00f3n m\u00e1xima de cada cita no puede exceder los 45 minutos. Durante las reuniones, se debe respetar la distancia interpersonal,  siempre usando la m\u00e1scara quir\u00fargica mientras se mantiene una ventilaci\u00f3n adecuada de las instalaciones-<\/li><li> Si otras personas se encuentran en la entrada o salida, ser\u00e1 necesario mantener una distancia evitando generar colas o reuniones en el pasillo o en la entrada.<\/li><li> Las personas externas a la  Canciller\u00eda podr\u00e1n usar los ba\u00f1os accesibles en el corredor central.<\/li><li>La m\u00e1scara deben usarse hasta la salida.<\/li><\/ol>\n\n\n\n<p>Las solicitudes de cita pueden enviarse a la siguiente direcci\u00f3n de correo electr\u00f3nico: amministrazione@ordine-costantiniano.it<\/p>\n\n\n\n<p>Pueden contactar a la Canciller\u00eda para las otras solicitudes a los n\u00fameros de tel\u00e9fono habituales 0039 064741190, 0039 06 4819401 o a las direcciones de correo electr\u00f3nico habituales: cancelleria1@ordine-costantiniano.it y  cancelleria4@ordine-costantiniano.it<\/p>\n\n\n\n<p>Se proporcionar\u00e1 informaci\u00f3n adicional en el sitio web y en las redes sociales de la Orden.<\/p>\n","protected":false},"excerpt":{"rendered":"<p>Les informamos que las oficinas de la Canciller\u00eda volver\u00e1n a abrir desde el lunes 15 de junio. De conformidad con las normas dictadas por el \u00abProtocolo compartido para la regulaci\u00f3n de las medidas para controlar la propagaci\u00f3n del virus COVID-19 en el lugar de trabajo\u00bb entre la Presidencia del Consejo de Ministros, el Ministerio de [&hellip;]<\/p>\n","protected":false},"author":1,"featured_media":0,"comment_status":"closed","ping_status":"closed","sticky":false,"template":"","format":"standard","meta":{"footnotes":""},"categories":[81],"tags":[],"class_list":["post-53892","post","type-post","status-publish","format-standard","hentry","category-comunicados-del-gran-magisterio"],"yoast_head":"<!-- This site is optimized with the Yoast SEO plugin v26.5 - https:\/\/yoast.com\/wordpress\/plugins\/seo\/ -->\n<title>APERTURA DE LA OFICINA DE CANCILLER\u00cdA - Sacro Militare Ordine Costantiniano di San Giorgio<\/title>\n<meta name=\"robots\" content=\"index, follow, max-snippet:-1, max-image-preview:large, max-video-preview:-1\" \/>\n<link rel=\"canonical\" href=\"https:\/\/constantinianorder.com\/riapertura-degli-uffici-della-cancelleria\/\" \/>\n<meta property=\"og:locale\" content=\"es_ES\" \/>\n<meta property=\"og:type\" content=\"article\" \/>\n<meta property=\"og:title\" content=\"APERTURA DE LA OFICINA DE CANCILLER\u00cdA - Sacro Militare Ordine Costantiniano di San Giorgio\" \/>\n<meta property=\"og:description\" content=\"Les informamos que las oficinas de la Canciller\u00eda volver\u00e1n a abrir desde el lunes 15 de junio. De conformidad con las normas dictadas por el \u00abProtocolo compartido para la regulaci\u00f3n de las medidas para controlar la propagaci\u00f3n del virus COVID-19 en el lugar de trabajo\u00bb entre la Presidencia del Consejo de Ministros, el Ministerio de [&hellip;]\" \/>\n<meta property=\"og:url\" content=\"https:\/\/constantinianorder.com\/riapertura-degli-uffici-della-cancelleria\/\" \/>\n<meta property=\"og:site_name\" content=\"Sacro Militare Ordine Costantiniano di San Giorgio\" \/>\n<meta property=\"article:publisher\" content=\"https:\/\/www.facebook.com\/constantinianorder\" \/>\n<meta property=\"article:published_time\" content=\"2020-06-12T10:22:37+00:00\" \/>\n<meta property=\"article:modified_time\" content=\"2025-10-21T19:51:58+00:00\" \/>\n<meta name=\"author\" content=\"admin\" \/>\n<meta name=\"twitter:card\" content=\"summary_large_image\" \/>\n<meta name=\"twitter:label1\" content=\"Escrito por\" \/>\n\t<meta name=\"twitter:data1\" content=\"admin\" \/>\n\t<meta name=\"twitter:label2\" content=\"Tiempo de lectura\" \/>\n\t<meta name=\"twitter:data2\" content=\"2 minutos\" \/>\n<script type=\"application\/ld+json\" class=\"yoast-schema-graph\">{\"@context\":\"https:\/\/schema.org\",\"@graph\":[{\"@type\":\"Article\",\"@id\":\"https:\/\/constantinianorder.com\/riapertura-degli-uffici-della-cancelleria\/#article\",\"isPartOf\":{\"@id\":\"https:\/\/constantinianorder.com\/riapertura-degli-uffici-della-cancelleria\/\"},\"author\":{\"name\":\"admin\",\"@id\":\"https:\/\/constantinianorder.com\/#\/schema\/person\/493f3b1475d575dcddda4ec923772c66\"},\"headline\":\"APERTURA DE LA OFICINA DE CANCILLER\u00cdA\",\"datePublished\":\"2020-06-12T10:22:37+00:00\",\"dateModified\":\"2025-10-21T19:51:58+00:00\",\"mainEntityOfPage\":{\"@id\":\"https:\/\/constantinianorder.com\/riapertura-degli-uffici-della-cancelleria\/\"},\"wordCount\":431,\"publisher\":{\"@id\":\"https:\/\/constantinianorder.com\/#organization\"},\"articleSection\":[\"Comunicados del Gran Magisterio\"],\"inLanguage\":\"es\"},{\"@type\":\"WebPage\",\"@id\":\"https:\/\/constantinianorder.com\/riapertura-degli-uffici-della-cancelleria\/\",\"url\":\"https:\/\/constantinianorder.com\/riapertura-degli-uffici-della-cancelleria\/\",\"name\":\"APERTURA DE LA OFICINA DE CANCILLER\u00cdA - Sacro Militare Ordine Costantiniano di San Giorgio\",\"isPartOf\":{\"@id\":\"https:\/\/constantinianorder.com\/#website\"},\"datePublished\":\"2020-06-12T10:22:37+00:00\",\"dateModified\":\"2025-10-21T19:51:58+00:00\",\"breadcrumb\":{\"@id\":\"https:\/\/constantinianorder.com\/riapertura-degli-uffici-della-cancelleria\/#breadcrumb\"},\"inLanguage\":\"es\",\"potentialAction\":[{\"@type\":\"ReadAction\",\"target\":[\"https:\/\/constantinianorder.com\/riapertura-degli-uffici-della-cancelleria\/\"]}]},{\"@type\":\"BreadcrumbList\",\"@id\":\"https:\/\/constantinianorder.com\/riapertura-degli-uffici-della-cancelleria\/#breadcrumb\",\"itemListElement\":[{\"@type\":\"ListItem\",\"position\":1,\"name\":\"Home\",\"item\":\"https:\/\/constantinianorder.com\/en\/\"},{\"@type\":\"ListItem\",\"position\":2,\"name\":\"APERTURA DE LA OFICINA DE CANCILLER\u00cdA\"}]},{\"@type\":\"WebSite\",\"@id\":\"https:\/\/constantinianorder.com\/#website\",\"url\":\"https:\/\/constantinianorder.com\/\",\"name\":\"Sacro Militare Ordine Costantiniano di San Giorgio\",\"description\":\"Ordine Ufficiale\",\"publisher\":{\"@id\":\"https:\/\/constantinianorder.com\/#organization\"},\"potentialAction\":[{\"@type\":\"SearchAction\",\"target\":{\"@type\":\"EntryPoint\",\"urlTemplate\":\"https:\/\/constantinianorder.com\/?s={search_term_string}\"},\"query-input\":{\"@type\":\"PropertyValueSpecification\",\"valueRequired\":true,\"valueName\":\"search_term_string\"}}],\"inLanguage\":\"es\"},{\"@type\":\"Organization\",\"@id\":\"https:\/\/constantinianorder.com\/#organization\",\"name\":\"Sacro Militare Ordine Costantiniano di San Giorgio\",\"url\":\"https:\/\/constantinianorder.com\/\",\"logo\":{\"@type\":\"ImageObject\",\"inLanguage\":\"es\",\"@id\":\"https:\/\/constantinianorder.com\/#\/schema\/logo\/image\/\",\"url\":\"https:\/\/constantinianorder.com\/wp-content\/uploads\/2025\/10\/cropped-logo-costantiniano.png\",\"contentUrl\":\"https:\/\/constantinianorder.com\/wp-content\/uploads\/2025\/10\/cropped-logo-costantiniano.png\",\"width\":512,\"height\":512,\"caption\":\"Sacro Militare Ordine Costantiniano di San Giorgio\"},\"image\":{\"@id\":\"https:\/\/constantinianorder.com\/#\/schema\/logo\/image\/\"},\"sameAs\":[\"https:\/\/www.facebook.com\/constantinianorder\",\"https:\/\/www.instagram.com\/constantinianorder\/\",\"https:\/\/www.youtube.com\/@granmagisterodelsacromilit9375\"]},{\"@type\":\"Person\",\"@id\":\"https:\/\/constantinianorder.com\/#\/schema\/person\/493f3b1475d575dcddda4ec923772c66\",\"name\":\"admin\",\"sameAs\":[\"https:\/\/constantinianorder.com\"],\"url\":\"https:\/\/constantinianorder.com\/es\/author\/domain_jlukbpo7\/\"}]}<\/script>\n<!-- \/ Yoast SEO plugin. -->","yoast_head_json":{"title":"APERTURA DE LA OFICINA DE CANCILLER\u00cdA - Sacro Militare Ordine Costantiniano di San Giorgio","robots":{"index":"index","follow":"follow","max-snippet":"max-snippet:-1","max-image-preview":"max-image-preview:large","max-video-preview":"max-video-preview:-1"},"canonical":"https:\/\/constantinianorder.com\/riapertura-degli-uffici-della-cancelleria\/","og_locale":"es_ES","og_type":"article","og_title":"APERTURA DE LA OFICINA DE CANCILLER\u00cdA - Sacro Militare Ordine Costantiniano di San Giorgio","og_description":"Les informamos que las oficinas de la Canciller\u00eda volver\u00e1n a abrir desde el lunes 15 de junio. De conformidad con las normas dictadas por el \u00abProtocolo compartido para la regulaci\u00f3n de las medidas para controlar la propagaci\u00f3n del virus COVID-19 en el lugar de trabajo\u00bb entre la Presidencia del Consejo de Ministros, el Ministerio de [&hellip;]","og_url":"https:\/\/constantinianorder.com\/riapertura-degli-uffici-della-cancelleria\/","og_site_name":"Sacro Militare Ordine Costantiniano di San Giorgio","article_publisher":"https:\/\/www.facebook.com\/constantinianorder","article_published_time":"2020-06-12T10:22:37+00:00","article_modified_time":"2025-10-21T19:51:58+00:00","author":"admin","twitter_card":"summary_large_image","twitter_misc":{"Escrito por":"admin","Tiempo de lectura":"2 minutos"},"schema":{"@context":"https:\/\/schema.org","@graph":[{"@type":"Article","@id":"https:\/\/constantinianorder.com\/riapertura-degli-uffici-della-cancelleria\/#article","isPartOf":{"@id":"https:\/\/constantinianorder.com\/riapertura-degli-uffici-della-cancelleria\/"},"author":{"name":"admin","@id":"https:\/\/constantinianorder.com\/#\/schema\/person\/493f3b1475d575dcddda4ec923772c66"},"headline":"APERTURA DE LA OFICINA DE CANCILLER\u00cdA","datePublished":"2020-06-12T10:22:37+00:00","dateModified":"2025-10-21T19:51:58+00:00","mainEntityOfPage":{"@id":"https:\/\/constantinianorder.com\/riapertura-degli-uffici-della-cancelleria\/"},"wordCount":431,"publisher":{"@id":"https:\/\/constantinianorder.com\/#organization"},"articleSection":["Comunicados del Gran Magisterio"],"inLanguage":"es"},{"@type":"WebPage","@id":"https:\/\/constantinianorder.com\/riapertura-degli-uffici-della-cancelleria\/","url":"https:\/\/constantinianorder.com\/riapertura-degli-uffici-della-cancelleria\/","name":"APERTURA DE LA OFICINA DE CANCILLER\u00cdA - Sacro Militare Ordine Costantiniano di San Giorgio","isPartOf":{"@id":"https:\/\/constantinianorder.com\/#website"},"datePublished":"2020-06-12T10:22:37+00:00","dateModified":"2025-10-21T19:51:58+00:00","breadcrumb":{"@id":"https:\/\/constantinianorder.com\/riapertura-degli-uffici-della-cancelleria\/#breadcrumb"},"inLanguage":"es","potentialAction":[{"@type":"ReadAction","target":["https:\/\/constantinianorder.com\/riapertura-degli-uffici-della-cancelleria\/"]}]},{"@type":"BreadcrumbList","@id":"https:\/\/constantinianorder.com\/riapertura-degli-uffici-della-cancelleria\/#breadcrumb","itemListElement":[{"@type":"ListItem","position":1,"name":"Home","item":"https:\/\/constantinianorder.com\/en\/"},{"@type":"ListItem","position":2,"name":"APERTURA DE LA OFICINA DE CANCILLER\u00cdA"}]},{"@type":"WebSite","@id":"https:\/\/constantinianorder.com\/#website","url":"https:\/\/constantinianorder.com\/","name":"Sacro Militare Ordine Costantiniano di San Giorgio","description":"Ordine Ufficiale","publisher":{"@id":"https:\/\/constantinianorder.com\/#organization"},"potentialAction":[{"@type":"SearchAction","target":{"@type":"EntryPoint","urlTemplate":"https:\/\/constantinianorder.com\/?s={search_term_string}"},"query-input":{"@type":"PropertyValueSpecification","valueRequired":true,"valueName":"search_term_string"}}],"inLanguage":"es"},{"@type":"Organization","@id":"https:\/\/constantinianorder.com\/#organization","name":"Sacro Militare Ordine Costantiniano di San Giorgio","url":"https:\/\/constantinianorder.com\/","logo":{"@type":"ImageObject","inLanguage":"es","@id":"https:\/\/constantinianorder.com\/#\/schema\/logo\/image\/","url":"https:\/\/constantinianorder.com\/wp-content\/uploads\/2025\/10\/cropped-logo-costantiniano.png","contentUrl":"https:\/\/constantinianorder.com\/wp-content\/uploads\/2025\/10\/cropped-logo-costantiniano.png","width":512,"height":512,"caption":"Sacro Militare Ordine Costantiniano di San Giorgio"},"image":{"@id":"https:\/\/constantinianorder.com\/#\/schema\/logo\/image\/"},"sameAs":["https:\/\/www.facebook.com\/constantinianorder","https:\/\/www.instagram.com\/constantinianorder\/","https:\/\/www.youtube.com\/@granmagisterodelsacromilit9375"]},{"@type":"Person","@id":"https:\/\/constantinianorder.com\/#\/schema\/person\/493f3b1475d575dcddda4ec923772c66","name":"admin","sameAs":["https:\/\/constantinianorder.com"],"url":"https:\/\/constantinianorder.com\/es\/author\/domain_jlukbpo7\/"}]}},"_links":{"self":[{"href":"https:\/\/constantinianorder.com\/es\/wp-json\/wp\/v2\/posts\/53892","targetHints":{"allow":["GET"]}}],"collection":[{"href":"https:\/\/constantinianorder.com\/es\/wp-json\/wp\/v2\/posts"}],"about":[{"href":"https:\/\/constantinianorder.com\/es\/wp-json\/wp\/v2\/types\/post"}],"author":[{"embeddable":true,"href":"https:\/\/constantinianorder.com\/es\/wp-json\/wp\/v2\/users\/1"}],"replies":[{"embeddable":true,"href":"https:\/\/constantinianorder.com\/es\/wp-json\/wp\/v2\/comments?post=53892"}],"version-history":[{"count":1,"href":"https:\/\/constantinianorder.com\/es\/wp-json\/wp\/v2\/posts\/53892\/revisions"}],"predecessor-version":[{"id":90755,"href":"https:\/\/constantinianorder.com\/es\/wp-json\/wp\/v2\/posts\/53892\/revisions\/90755"}],"wp:attachment":[{"href":"https:\/\/constantinianorder.com\/es\/wp-json\/wp\/v2\/media?parent=53892"}],"wp:term":[{"taxonomy":"category","embeddable":true,"href":"https:\/\/constantinianorder.com\/es\/wp-json\/wp\/v2\/categories?post=53892"},{"taxonomy":"post_tag","embeddable":true,"href":"https:\/\/constantinianorder.com\/es\/wp-json\/wp\/v2\/tags?post=53892"}],"curies":[{"name":"wp","href":"https:\/\/api.w.org\/{rel}","templated":true}]}}