{"id":53883,"date":"2020-06-10T15:06:01","date_gmt":"2020-06-10T15:06:01","guid":{"rendered":"https:\/\/constantinianorder.net\/covid-19-donazione-dellordine-costantiniano-charity-onlus-allazienda-sanitaria-regionale-del-molise-per-lacquisto-di-dispositivi-di-protezione-individuale\/"},"modified":"2025-10-21T19:51:57","modified_gmt":"2025-10-21T19:51:57","slug":"covid-19-donacion-a-la-autoridad-regional-de-molise-para-la-compra-de-equipos-de-proteccion-personal","status":"publish","type":"post","link":"https:\/\/constantinianorder.com\/es\/covid-19-donacion-a-la-autoridad-regional-de-molise-para-la-compra-de-equipos-de-proteccion-personal\/","title":{"rendered":"Covid-19: donaci\u00f3n a la Autoridad Regional de Molise para la compra de equipos de protecci\u00f3n personal"},"content":{"rendered":"\n<figure class=\"wp-block-image\"><img fetchpriority=\"high\" decoding=\"async\" width=\"336\" height=\"150\" src=\"https:\/\/constantinianorder.com\/wp-content\/uploads\/2020\/06\/molise.jpg\" alt=\"\" class=\"wp-image-53876\" srcset=\"https:\/\/constantinianorder.com\/wp-content\/uploads\/2020\/06\/molise.jpg 336w, https:\/\/constantinianorder.com\/wp-content\/uploads\/2020\/06\/molise-300x134.jpg 300w\" sizes=\"(max-width: 336px) 100vw, 336px\" \/><\/figure>\n\n\n\n<p><strong><em>El Jefe de la Casa Real, S.A.R. el Pr\u00edncipe Carlo de Borb\u00f3n de las Dos Sicilias: \u201ces una contribuci\u00f3n para que todos los operadores puedan continuar su precioso trabajo en total seguridad y serenidad\u00bb<\/em><\/strong><\/p>\n\n\n\n<p><br> <strong>Campobasso, 9 de junio de 2020<\/strong> &#8211; A pesar de los resultados positivos de las \u00faltimas semanas, los expertos advierten que incluso si el virus se desacelera, no hemos salido de la pandemia.<br> Por este motivo, la Orden Constantiniana Charity Onlus hizo una donaci\u00f3n de 10.000 euros a la Autoridad Sanitaria Regional de Molise para la compra de equipos de protecci\u00f3n personal.<\/p>\n\n\n\n<p><br> \u00abAl final de la recaudaci\u00f3n de fondos a trav\u00e9s de la cual hicimos donaciones a favor de diferentes regiones del centro y sur de Italia para las diferentes estructuras sanitarias mientras intentamos, con un esp\u00edritu de colaboraci\u00f3n, responder a sus demandas y prioridades en t\u00e9rminos de urgencia y al contrastar la propagaci\u00f3n de covid-19, nuestra atenci\u00f3n tambi\u00e9n se dirigi\u00f3 hacia la regi\u00f3n Molise que, afortunadamente, registr\u00f3 un n\u00famero muy peque\u00f1o de casos en comparaci\u00f3n con las regiones vecinas\u00bb &#8211; explica el Pr\u00edncipe Carlo de Borb\u00f3n, quien subraya: \u00absin embargo, incluso en esta fase de reducci\u00f3n significativa en el n\u00famero de infecciones, es importante continuar adoptando un comportamiento responsable y prudente y es por eso que contribuimos a trav\u00e9s de la provisi\u00f3n de equipos de protecci\u00f3n personal para el personal de esta estructura, para que todos los operadores puedan continuar su valioso trabajo en total seguridad y serenidad\u00bb.<\/p>\n\n\n\n<p>\u00abQuisiera expresar mi profunda gratitud a la Orden por la proximidad y atenci\u00f3n dedicadas en este momento de graves dificultades \u2013 se pueden leer estas palabras en una carta de agradecimiento del Director General Oreste Florenzano, quien agrega &#8211; \u00abSaludo con inmensa gratitud la generosa donaci\u00f3n que respalda a nuestra empresa, que comprar\u00e1 dispositivos para el personal involucrado en la lucha contra la emergencia epidemiol\u00f3gica en curso\u00bb.<\/p>\n","protected":false},"excerpt":{"rendered":"<p>El Jefe de la Casa Real, S.A.R. el Pr\u00edncipe Carlo de Borb\u00f3n de las Dos Sicilias: \u201ces una contribuci\u00f3n para que todos los operadores puedan continuar su precioso trabajo en total seguridad y serenidad\u00bb Campobasso, 9 de junio de 2020 &#8211; A pesar de los resultados positivos de las \u00faltimas semanas, los expertos advierten que [&hellip;]<\/p>\n","protected":false},"author":1,"featured_media":0,"comment_status":"closed","ping_status":"closed","sticky":false,"template":"","format":"standard","meta":{"footnotes":""},"categories":[81,220],"tags":[],"class_list":["post-53883","post","type-post","status-publish","format-standard","hentry","category-comunicados-del-gran-magisterio","category-delegacion-de-los-abruzzi-y-molise"],"yoast_head":"<!-- This site is optimized with the Yoast SEO plugin v26.5 - https:\/\/yoast.com\/wordpress\/plugins\/seo\/ -->\n<title>Covid-19: donaci\u00f3n a la Autoridad Regional de Molise para la compra de equipos de protecci\u00f3n personal - Sacro Militare Ordine Costantiniano di San Giorgio<\/title>\n<meta name=\"robots\" content=\"index, follow, max-snippet:-1, max-image-preview:large, max-video-preview:-1\" \/>\n<link rel=\"canonical\" href=\"https:\/\/constantinianorder.com\/covid-19-donazione-dellordine-costantiniano-charity-onlus-allazienda-sanitaria-regionale-del-molise-per-lacquisto-di-dispositivi-di-protezione-individuale\/\" \/>\n<meta property=\"og:locale\" content=\"es_ES\" \/>\n<meta property=\"og:type\" content=\"article\" \/>\n<meta property=\"og:title\" content=\"Covid-19: donaci\u00f3n a la Autoridad Regional de Molise para la compra de equipos de protecci\u00f3n personal - Sacro Militare Ordine Costantiniano di San Giorgio\" \/>\n<meta property=\"og:description\" content=\"El Jefe de la Casa Real, S.A.R. el Pr\u00edncipe Carlo de Borb\u00f3n de las Dos Sicilias: \u201ces una contribuci\u00f3n para que todos los operadores puedan continuar su precioso trabajo en total seguridad y serenidad\u00bb Campobasso, 9 de junio de 2020 &#8211; A pesar de los resultados positivos de las \u00faltimas semanas, los expertos advierten que [&hellip;]\" \/>\n<meta property=\"og:url\" content=\"https:\/\/constantinianorder.com\/covid-19-donazione-dellordine-costantiniano-charity-onlus-allazienda-sanitaria-regionale-del-molise-per-lacquisto-di-dispositivi-di-protezione-individuale\/\" \/>\n<meta property=\"og:site_name\" content=\"Sacro Militare Ordine Costantiniano di San Giorgio\" \/>\n<meta property=\"article:publisher\" content=\"https:\/\/www.facebook.com\/constantinianorder\" \/>\n<meta property=\"article:published_time\" content=\"2020-06-10T15:06:01+00:00\" \/>\n<meta property=\"article:modified_time\" content=\"2025-10-21T19:51:57+00:00\" \/>\n<meta property=\"og:image\" content=\"https:\/\/constantinianorder.com\/wp-content\/uploads\/2020\/06\/molise.jpg\" \/>\n\t<meta property=\"og:image:width\" content=\"336\" \/>\n\t<meta property=\"og:image:height\" content=\"150\" \/>\n\t<meta property=\"og:image:type\" content=\"image\/jpeg\" \/>\n<meta name=\"author\" content=\"admin\" \/>\n<meta name=\"twitter:card\" content=\"summary_large_image\" \/>\n<meta name=\"twitter:label1\" content=\"Escrito por\" \/>\n\t<meta name=\"twitter:data1\" content=\"admin\" \/>\n\t<meta name=\"twitter:label2\" content=\"Tiempo de lectura\" \/>\n\t<meta name=\"twitter:data2\" content=\"2 minutos\" \/>\n<script type=\"application\/ld+json\" class=\"yoast-schema-graph\">{\"@context\":\"https:\/\/schema.org\",\"@graph\":[{\"@type\":\"Article\",\"@id\":\"https:\/\/constantinianorder.com\/covid-19-donazione-dellordine-costantiniano-charity-onlus-allazienda-sanitaria-regionale-del-molise-per-lacquisto-di-dispositivi-di-protezione-individuale\/#article\",\"isPartOf\":{\"@id\":\"https:\/\/constantinianorder.com\/covid-19-donazione-dellordine-costantiniano-charity-onlus-allazienda-sanitaria-regionale-del-molise-per-lacquisto-di-dispositivi-di-protezione-individuale\/\"},\"author\":{\"name\":\"admin\",\"@id\":\"https:\/\/constantinianorder.com\/#\/schema\/person\/493f3b1475d575dcddda4ec923772c66\"},\"headline\":\"Covid-19: donaci\u00f3n a la Autoridad Regional de Molise para la compra de equipos de protecci\u00f3n personal\",\"datePublished\":\"2020-06-10T15:06:01+00:00\",\"dateModified\":\"2025-10-21T19:51:57+00:00\",\"mainEntityOfPage\":{\"@id\":\"https:\/\/constantinianorder.com\/covid-19-donazione-dellordine-costantiniano-charity-onlus-allazienda-sanitaria-regionale-del-molise-per-lacquisto-di-dispositivi-di-protezione-individuale\/\"},\"wordCount\":353,\"publisher\":{\"@id\":\"https:\/\/constantinianorder.com\/#organization\"},\"image\":{\"@id\":\"https:\/\/constantinianorder.com\/covid-19-donazione-dellordine-costantiniano-charity-onlus-allazienda-sanitaria-regionale-del-molise-per-lacquisto-di-dispositivi-di-protezione-individuale\/#primaryimage\"},\"thumbnailUrl\":\"https:\/\/constantinianorder.com\/wp-content\/uploads\/2020\/06\/molise.jpg\",\"articleSection\":[\"Comunicados del Gran Magisterio\",\"Delegaci\u00f3n de los Abruzzi y Molise\"],\"inLanguage\":\"es\"},{\"@type\":\"WebPage\",\"@id\":\"https:\/\/constantinianorder.com\/covid-19-donazione-dellordine-costantiniano-charity-onlus-allazienda-sanitaria-regionale-del-molise-per-lacquisto-di-dispositivi-di-protezione-individuale\/\",\"url\":\"https:\/\/constantinianorder.com\/covid-19-donazione-dellordine-costantiniano-charity-onlus-allazienda-sanitaria-regionale-del-molise-per-lacquisto-di-dispositivi-di-protezione-individuale\/\",\"name\":\"Covid-19: donaci\u00f3n a la Autoridad Regional de Molise para la compra de equipos de protecci\u00f3n personal - Sacro Militare Ordine Costantiniano di San Giorgio\",\"isPartOf\":{\"@id\":\"https:\/\/constantinianorder.com\/#website\"},\"primaryImageOfPage\":{\"@id\":\"https:\/\/constantinianorder.com\/covid-19-donazione-dellordine-costantiniano-charity-onlus-allazienda-sanitaria-regionale-del-molise-per-lacquisto-di-dispositivi-di-protezione-individuale\/#primaryimage\"},\"image\":{\"@id\":\"https:\/\/constantinianorder.com\/covid-19-donazione-dellordine-costantiniano-charity-onlus-allazienda-sanitaria-regionale-del-molise-per-lacquisto-di-dispositivi-di-protezione-individuale\/#primaryimage\"},\"thumbnailUrl\":\"https:\/\/constantinianorder.com\/wp-content\/uploads\/2020\/06\/molise.jpg\",\"datePublished\":\"2020-06-10T15:06:01+00:00\",\"dateModified\":\"2025-10-21T19:51:57+00:00\",\"breadcrumb\":{\"@id\":\"https:\/\/constantinianorder.com\/covid-19-donazione-dellordine-costantiniano-charity-onlus-allazienda-sanitaria-regionale-del-molise-per-lacquisto-di-dispositivi-di-protezione-individuale\/#breadcrumb\"},\"inLanguage\":\"es\",\"potentialAction\":[{\"@type\":\"ReadAction\",\"target\":[\"https:\/\/constantinianorder.com\/covid-19-donazione-dellordine-costantiniano-charity-onlus-allazienda-sanitaria-regionale-del-molise-per-lacquisto-di-dispositivi-di-protezione-individuale\/\"]}]},{\"@type\":\"ImageObject\",\"inLanguage\":\"es\",\"@id\":\"https:\/\/constantinianorder.com\/covid-19-donazione-dellordine-costantiniano-charity-onlus-allazienda-sanitaria-regionale-del-molise-per-lacquisto-di-dispositivi-di-protezione-individuale\/#primaryimage\",\"url\":\"https:\/\/constantinianorder.com\/wp-content\/uploads\/2020\/06\/molise.jpg\",\"contentUrl\":\"https:\/\/constantinianorder.com\/wp-content\/uploads\/2020\/06\/molise.jpg\"},{\"@type\":\"BreadcrumbList\",\"@id\":\"https:\/\/constantinianorder.com\/covid-19-donazione-dellordine-costantiniano-charity-onlus-allazienda-sanitaria-regionale-del-molise-per-lacquisto-di-dispositivi-di-protezione-individuale\/#breadcrumb\",\"itemListElement\":[{\"@type\":\"ListItem\",\"position\":1,\"name\":\"Home\",\"item\":\"https:\/\/constantinianorder.com\/en\/\"},{\"@type\":\"ListItem\",\"position\":2,\"name\":\"Covid-19: donaci\u00f3n a la Autoridad Regional de Molise para la compra de equipos de protecci\u00f3n personal\"}]},{\"@type\":\"WebSite\",\"@id\":\"https:\/\/constantinianorder.com\/#website\",\"url\":\"https:\/\/constantinianorder.com\/\",\"name\":\"Sacro Militare Ordine Costantiniano di San Giorgio\",\"description\":\"Ordine Ufficiale\",\"publisher\":{\"@id\":\"https:\/\/constantinianorder.com\/#organization\"},\"potentialAction\":[{\"@type\":\"SearchAction\",\"target\":{\"@type\":\"EntryPoint\",\"urlTemplate\":\"https:\/\/constantinianorder.com\/?s={search_term_string}\"},\"query-input\":{\"@type\":\"PropertyValueSpecification\",\"valueRequired\":true,\"valueName\":\"search_term_string\"}}],\"inLanguage\":\"es\"},{\"@type\":\"Organization\",\"@id\":\"https:\/\/constantinianorder.com\/#organization\",\"name\":\"Sacro Militare Ordine Costantiniano di San Giorgio\",\"url\":\"https:\/\/constantinianorder.com\/\",\"logo\":{\"@type\":\"ImageObject\",\"inLanguage\":\"es\",\"@id\":\"https:\/\/constantinianorder.com\/#\/schema\/logo\/image\/\",\"url\":\"https:\/\/constantinianorder.com\/wp-content\/uploads\/2025\/10\/cropped-logo-costantiniano.png\",\"contentUrl\":\"https:\/\/constantinianorder.com\/wp-content\/uploads\/2025\/10\/cropped-logo-costantiniano.png\",\"width\":512,\"height\":512,\"caption\":\"Sacro Militare Ordine Costantiniano di San Giorgio\"},\"image\":{\"@id\":\"https:\/\/constantinianorder.com\/#\/schema\/logo\/image\/\"},\"sameAs\":[\"https:\/\/www.facebook.com\/constantinianorder\",\"https:\/\/www.instagram.com\/constantinianorder\/\",\"https:\/\/www.youtube.com\/@granmagisterodelsacromilit9375\"]},{\"@type\":\"Person\",\"@id\":\"https:\/\/constantinianorder.com\/#\/schema\/person\/493f3b1475d575dcddda4ec923772c66\",\"name\":\"admin\",\"sameAs\":[\"https:\/\/constantinianorder.com\"],\"url\":\"https:\/\/constantinianorder.com\/es\/author\/domain_jlukbpo7\/\"}]}<\/script>\n<!-- \/ Yoast SEO plugin. -->","yoast_head_json":{"title":"Covid-19: donaci\u00f3n a la Autoridad Regional de Molise para la compra de equipos de protecci\u00f3n personal - Sacro Militare Ordine Costantiniano di San Giorgio","robots":{"index":"index","follow":"follow","max-snippet":"max-snippet:-1","max-image-preview":"max-image-preview:large","max-video-preview":"max-video-preview:-1"},"canonical":"https:\/\/constantinianorder.com\/covid-19-donazione-dellordine-costantiniano-charity-onlus-allazienda-sanitaria-regionale-del-molise-per-lacquisto-di-dispositivi-di-protezione-individuale\/","og_locale":"es_ES","og_type":"article","og_title":"Covid-19: donaci\u00f3n a la Autoridad Regional de Molise para la compra de equipos de protecci\u00f3n personal - Sacro Militare Ordine Costantiniano di San Giorgio","og_description":"El Jefe de la Casa Real, S.A.R. el Pr\u00edncipe Carlo de Borb\u00f3n de las Dos Sicilias: \u201ces una contribuci\u00f3n para que todos los operadores puedan continuar su precioso trabajo en total seguridad y serenidad\u00bb Campobasso, 9 de junio de 2020 &#8211; A pesar de los resultados positivos de las \u00faltimas semanas, los expertos advierten que [&hellip;]","og_url":"https:\/\/constantinianorder.com\/covid-19-donazione-dellordine-costantiniano-charity-onlus-allazienda-sanitaria-regionale-del-molise-per-lacquisto-di-dispositivi-di-protezione-individuale\/","og_site_name":"Sacro Militare Ordine Costantiniano di San Giorgio","article_publisher":"https:\/\/www.facebook.com\/constantinianorder","article_published_time":"2020-06-10T15:06:01+00:00","article_modified_time":"2025-10-21T19:51:57+00:00","og_image":[{"width":336,"height":150,"url":"https:\/\/constantinianorder.com\/wp-content\/uploads\/2020\/06\/molise.jpg","type":"image\/jpeg"}],"author":"admin","twitter_card":"summary_large_image","twitter_misc":{"Escrito por":"admin","Tiempo de lectura":"2 minutos"},"schema":{"@context":"https:\/\/schema.org","@graph":[{"@type":"Article","@id":"https:\/\/constantinianorder.com\/covid-19-donazione-dellordine-costantiniano-charity-onlus-allazienda-sanitaria-regionale-del-molise-per-lacquisto-di-dispositivi-di-protezione-individuale\/#article","isPartOf":{"@id":"https:\/\/constantinianorder.com\/covid-19-donazione-dellordine-costantiniano-charity-onlus-allazienda-sanitaria-regionale-del-molise-per-lacquisto-di-dispositivi-di-protezione-individuale\/"},"author":{"name":"admin","@id":"https:\/\/constantinianorder.com\/#\/schema\/person\/493f3b1475d575dcddda4ec923772c66"},"headline":"Covid-19: donaci\u00f3n a la Autoridad Regional de Molise para la compra de equipos de protecci\u00f3n personal","datePublished":"2020-06-10T15:06:01+00:00","dateModified":"2025-10-21T19:51:57+00:00","mainEntityOfPage":{"@id":"https:\/\/constantinianorder.com\/covid-19-donazione-dellordine-costantiniano-charity-onlus-allazienda-sanitaria-regionale-del-molise-per-lacquisto-di-dispositivi-di-protezione-individuale\/"},"wordCount":353,"publisher":{"@id":"https:\/\/constantinianorder.com\/#organization"},"image":{"@id":"https:\/\/constantinianorder.com\/covid-19-donazione-dellordine-costantiniano-charity-onlus-allazienda-sanitaria-regionale-del-molise-per-lacquisto-di-dispositivi-di-protezione-individuale\/#primaryimage"},"thumbnailUrl":"https:\/\/constantinianorder.com\/wp-content\/uploads\/2020\/06\/molise.jpg","articleSection":["Comunicados del Gran Magisterio","Delegaci\u00f3n de los Abruzzi y Molise"],"inLanguage":"es"},{"@type":"WebPage","@id":"https:\/\/constantinianorder.com\/covid-19-donazione-dellordine-costantiniano-charity-onlus-allazienda-sanitaria-regionale-del-molise-per-lacquisto-di-dispositivi-di-protezione-individuale\/","url":"https:\/\/constantinianorder.com\/covid-19-donazione-dellordine-costantiniano-charity-onlus-allazienda-sanitaria-regionale-del-molise-per-lacquisto-di-dispositivi-di-protezione-individuale\/","name":"Covid-19: donaci\u00f3n a la Autoridad Regional de Molise para la compra de equipos de protecci\u00f3n personal - Sacro Militare Ordine Costantiniano di San Giorgio","isPartOf":{"@id":"https:\/\/constantinianorder.com\/#website"},"primaryImageOfPage":{"@id":"https:\/\/constantinianorder.com\/covid-19-donazione-dellordine-costantiniano-charity-onlus-allazienda-sanitaria-regionale-del-molise-per-lacquisto-di-dispositivi-di-protezione-individuale\/#primaryimage"},"image":{"@id":"https:\/\/constantinianorder.com\/covid-19-donazione-dellordine-costantiniano-charity-onlus-allazienda-sanitaria-regionale-del-molise-per-lacquisto-di-dispositivi-di-protezione-individuale\/#primaryimage"},"thumbnailUrl":"https:\/\/constantinianorder.com\/wp-content\/uploads\/2020\/06\/molise.jpg","datePublished":"2020-06-10T15:06:01+00:00","dateModified":"2025-10-21T19:51:57+00:00","breadcrumb":{"@id":"https:\/\/constantinianorder.com\/covid-19-donazione-dellordine-costantiniano-charity-onlus-allazienda-sanitaria-regionale-del-molise-per-lacquisto-di-dispositivi-di-protezione-individuale\/#breadcrumb"},"inLanguage":"es","potentialAction":[{"@type":"ReadAction","target":["https:\/\/constantinianorder.com\/covid-19-donazione-dellordine-costantiniano-charity-onlus-allazienda-sanitaria-regionale-del-molise-per-lacquisto-di-dispositivi-di-protezione-individuale\/"]}]},{"@type":"ImageObject","inLanguage":"es","@id":"https:\/\/constantinianorder.com\/covid-19-donazione-dellordine-costantiniano-charity-onlus-allazienda-sanitaria-regionale-del-molise-per-lacquisto-di-dispositivi-di-protezione-individuale\/#primaryimage","url":"https:\/\/constantinianorder.com\/wp-content\/uploads\/2020\/06\/molise.jpg","contentUrl":"https:\/\/constantinianorder.com\/wp-content\/uploads\/2020\/06\/molise.jpg"},{"@type":"BreadcrumbList","@id":"https:\/\/constantinianorder.com\/covid-19-donazione-dellordine-costantiniano-charity-onlus-allazienda-sanitaria-regionale-del-molise-per-lacquisto-di-dispositivi-di-protezione-individuale\/#breadcrumb","itemListElement":[{"@type":"ListItem","position":1,"name":"Home","item":"https:\/\/constantinianorder.com\/en\/"},{"@type":"ListItem","position":2,"name":"Covid-19: donaci\u00f3n a la Autoridad Regional de Molise para la compra de equipos de protecci\u00f3n personal"}]},{"@type":"WebSite","@id":"https:\/\/constantinianorder.com\/#website","url":"https:\/\/constantinianorder.com\/","name":"Sacro Militare Ordine Costantiniano di San Giorgio","description":"Ordine Ufficiale","publisher":{"@id":"https:\/\/constantinianorder.com\/#organization"},"potentialAction":[{"@type":"SearchAction","target":{"@type":"EntryPoint","urlTemplate":"https:\/\/constantinianorder.com\/?s={search_term_string}"},"query-input":{"@type":"PropertyValueSpecification","valueRequired":true,"valueName":"search_term_string"}}],"inLanguage":"es"},{"@type":"Organization","@id":"https:\/\/constantinianorder.com\/#organization","name":"Sacro Militare Ordine Costantiniano di San Giorgio","url":"https:\/\/constantinianorder.com\/","logo":{"@type":"ImageObject","inLanguage":"es","@id":"https:\/\/constantinianorder.com\/#\/schema\/logo\/image\/","url":"https:\/\/constantinianorder.com\/wp-content\/uploads\/2025\/10\/cropped-logo-costantiniano.png","contentUrl":"https:\/\/constantinianorder.com\/wp-content\/uploads\/2025\/10\/cropped-logo-costantiniano.png","width":512,"height":512,"caption":"Sacro Militare Ordine Costantiniano di San Giorgio"},"image":{"@id":"https:\/\/constantinianorder.com\/#\/schema\/logo\/image\/"},"sameAs":["https:\/\/www.facebook.com\/constantinianorder","https:\/\/www.instagram.com\/constantinianorder\/","https:\/\/www.youtube.com\/@granmagisterodelsacromilit9375"]},{"@type":"Person","@id":"https:\/\/constantinianorder.com\/#\/schema\/person\/493f3b1475d575dcddda4ec923772c66","name":"admin","sameAs":["https:\/\/constantinianorder.com"],"url":"https:\/\/constantinianorder.com\/es\/author\/domain_jlukbpo7\/"}]}},"_links":{"self":[{"href":"https:\/\/constantinianorder.com\/es\/wp-json\/wp\/v2\/posts\/53883","targetHints":{"allow":["GET"]}}],"collection":[{"href":"https:\/\/constantinianorder.com\/es\/wp-json\/wp\/v2\/posts"}],"about":[{"href":"https:\/\/constantinianorder.com\/es\/wp-json\/wp\/v2\/types\/post"}],"author":[{"embeddable":true,"href":"https:\/\/constantinianorder.com\/es\/wp-json\/wp\/v2\/users\/1"}],"replies":[{"embeddable":true,"href":"https:\/\/constantinianorder.com\/es\/wp-json\/wp\/v2\/comments?post=53883"}],"version-history":[{"count":1,"href":"https:\/\/constantinianorder.com\/es\/wp-json\/wp\/v2\/posts\/53883\/revisions"}],"predecessor-version":[{"id":90750,"href":"https:\/\/constantinianorder.com\/es\/wp-json\/wp\/v2\/posts\/53883\/revisions\/90750"}],"wp:attachment":[{"href":"https:\/\/constantinianorder.com\/es\/wp-json\/wp\/v2\/media?parent=53883"}],"wp:term":[{"taxonomy":"category","embeddable":true,"href":"https:\/\/constantinianorder.com\/es\/wp-json\/wp\/v2\/categories?post=53883"},{"taxonomy":"post_tag","embeddable":true,"href":"https:\/\/constantinianorder.com\/es\/wp-json\/wp\/v2\/tags?post=53883"}],"curies":[{"name":"wp","href":"https:\/\/api.w.org\/{rel}","templated":true}]}}