{"id":51805,"date":"2020-04-24T10:43:08","date_gmt":"2020-04-24T10:43:08","guid":{"rendered":"https:\/\/constantinianorder.net\/lombardia-donazione-di-mascherine-sanitarie-a-como\/"},"modified":"2025-10-21T20:08:48","modified_gmt":"2025-10-21T20:08:48","slug":"lombardia-donacion-de-mascaras-en-como","status":"publish","type":"post","link":"https:\/\/constantinianorder.com\/es\/lombardia-donacion-de-mascaras-en-como\/","title":{"rendered":"LOMBARDIA: DONACI\u00d3N DE M\u00c1SCARAS EN COMO"},"content":{"rendered":"\n<figure class=\"wp-block-image\"><img fetchpriority=\"high\" decoding=\"async\" width=\"768\" height=\"1024\" src=\"https:\/\/constantinianorder.com\/wp-content\/uploads\/2020\/04\/como-768x1024.jpg\" alt=\"\" class=\"wp-image-51792\" srcset=\"https:\/\/constantinianorder.com\/wp-content\/uploads\/2020\/04\/como-768x1024.jpg 768w, https:\/\/constantinianorder.com\/wp-content\/uploads\/2020\/04\/como-225x300.jpg 225w, https:\/\/constantinianorder.com\/wp-content\/uploads\/2020\/04\/como.jpg 1080w\" sizes=\"(max-width: 768px) 100vw, 768px\" \/><\/figure>\n\n\n\n<p><strong>Como, 17 de abril de 2020<\/strong> &#8211; La Orden Constantiniana, en colaboraci\u00f3n con el Cuerpo Militar de la Soberana Orden Militar de Malta, comenz\u00f3 a distribuir m\u00e1scaras de salud a los ancianos en el valle superior de Intelvi, despu\u00e9s de entregar un suministro al Instituto Santa Croce. La iniciativa fue coordinada por el Sr. Giuseppe Rizzani, Vice Delegado, que se compromete a satisfacer las necesidades de las diferentes RSA en la regi\u00f3n, as\u00ed como a establecer contactos con el Alcalde de Alta Valle Intelvi, Sr. Marcello Grandi, para la entrega de estas m\u00e1scaras a los ancianos. <em>\u201cQuer\u00edamos hacer nuestra contribuci\u00f3n y, de hecho, decidimos que, como delegaci\u00f3n lombarda, ten\u00edamos que ofrecer m\u00e1scaras a ciertas estructuras<\/em> &#8211; explica Giuseppe Rizzani &#8211; <em>Las m\u00e1scaras se distribuir\u00e1n estos d\u00edas a las estructuras identificadas. En las pr\u00f3ximas semanas, continuaremos recolectando solicitudes y distribuyendo materiales\u201d<\/em>. La entrega de las m\u00e1scaras al alcalde de Alta Valle Intelvi correr\u00e1 a cargo del Sr. Gabriele Lombardo, presidente de la secci\u00f3n \u00abAmiraglio Rizzani\u00bb.<\/p>\n\n\n\n<figure class=\"wp-block-image\"><img decoding=\"async\" src=\"https:\/\/constantinianorder.com\/wp-content\/uploads\/2020\/04\/como2-1-1024x768.jpg\" alt=\"\" class=\"wp-image-51796\"\/><\/figure>\n\n\n\n<p> <strong>Como, 23 de abril de 2020<\/strong> &#8211; Las m\u00e1scaras ofrecidas por la Orden se entregaron el 23 de abril en presencia del Sr. Gabriele Lombardo, presidente de la secci\u00f3n \u00abAmiraglio Rizzani\u00bb, del Vice delegado para Lombard\u00eda, el Dr. Giuseppe Rizzani y del nuevo representante de Como Costantino Canevali. <\/p>\n","protected":false},"excerpt":{"rendered":"<p>Como, 17 de abril de 2020 &#8211; La Orden Constantiniana, en colaboraci\u00f3n con el Cuerpo Militar de la Soberana Orden Militar de Malta, comenz\u00f3 a distribuir m\u00e1scaras de salud a los ancianos en el valle superior de Intelvi, despu\u00e9s de entregar un suministro al Instituto Santa Croce. La iniciativa fue coordinada por el Sr. Giuseppe [&hellip;]<\/p>\n","protected":false},"author":1,"featured_media":51788,"comment_status":"closed","ping_status":"closed","sticky":false,"template":"","format":"standard","meta":{"footnotes":""},"categories":[218],"tags":[],"class_list":["post-51805","post","type-post","status-publish","format-standard","has-post-thumbnail","hentry","category-delegacion-de-lombardia"],"yoast_head":"<!-- This site is optimized with the Yoast SEO plugin v26.5 - https:\/\/yoast.com\/wordpress\/plugins\/seo\/ -->\n<title>LOMBARDIA: DONACI\u00d3N DE M\u00c1SCARAS EN COMO - Sacro Militare Ordine Costantiniano di San Giorgio<\/title>\n<meta name=\"robots\" content=\"index, follow, max-snippet:-1, max-image-preview:large, max-video-preview:-1\" \/>\n<link rel=\"canonical\" href=\"https:\/\/constantinianorder.com\/lombardia-donazione-di-mascherine-sanitarie-a-como\/\" \/>\n<meta property=\"og:locale\" content=\"es_ES\" \/>\n<meta property=\"og:type\" content=\"article\" \/>\n<meta property=\"og:title\" content=\"LOMBARDIA: DONACI\u00d3N DE M\u00c1SCARAS EN COMO - Sacro Militare Ordine Costantiniano di San Giorgio\" \/>\n<meta property=\"og:description\" content=\"Como, 17 de abril de 2020 &#8211; La Orden Constantiniana, en colaboraci\u00f3n con el Cuerpo Militar de la Soberana Orden Militar de Malta, comenz\u00f3 a distribuir m\u00e1scaras de salud a los ancianos en el valle superior de Intelvi, despu\u00e9s de entregar un suministro al Instituto Santa Croce. La iniciativa fue coordinada por el Sr. Giuseppe [&hellip;]\" \/>\n<meta property=\"og:url\" content=\"https:\/\/constantinianorder.com\/lombardia-donazione-di-mascherine-sanitarie-a-como\/\" \/>\n<meta property=\"og:site_name\" content=\"Sacro Militare Ordine Costantiniano di San Giorgio\" \/>\n<meta property=\"article:publisher\" content=\"https:\/\/www.facebook.com\/constantinianorder\" \/>\n<meta property=\"article:published_time\" content=\"2020-04-24T10:43:08+00:00\" \/>\n<meta property=\"article:modified_time\" content=\"2025-10-21T20:08:48+00:00\" \/>\n<meta property=\"og:image\" content=\"https:\/\/constantinianorder.com\/wp-content\/uploads\/2020\/04\/como2.jpg\" \/>\n\t<meta property=\"og:image:width\" content=\"1024\" \/>\n\t<meta property=\"og:image:height\" content=\"768\" \/>\n\t<meta property=\"og:image:type\" content=\"image\/jpeg\" \/>\n<meta name=\"author\" content=\"admin\" \/>\n<meta name=\"twitter:card\" content=\"summary_large_image\" \/>\n<meta name=\"twitter:label1\" content=\"Escrito por\" \/>\n\t<meta name=\"twitter:data1\" content=\"admin\" \/>\n\t<meta name=\"twitter:label2\" content=\"Tiempo de lectura\" \/>\n\t<meta name=\"twitter:data2\" content=\"1 minuto\" \/>\n<script type=\"application\/ld+json\" class=\"yoast-schema-graph\">{\"@context\":\"https:\/\/schema.org\",\"@graph\":[{\"@type\":\"Article\",\"@id\":\"https:\/\/constantinianorder.com\/lombardia-donazione-di-mascherine-sanitarie-a-como\/#article\",\"isPartOf\":{\"@id\":\"https:\/\/constantinianorder.com\/lombardia-donazione-di-mascherine-sanitarie-a-como\/\"},\"author\":{\"name\":\"admin\",\"@id\":\"https:\/\/constantinianorder.com\/#\/schema\/person\/493f3b1475d575dcddda4ec923772c66\"},\"headline\":\"LOMBARDIA: DONACI\u00d3N DE M\u00c1SCARAS EN COMO\",\"datePublished\":\"2020-04-24T10:43:08+00:00\",\"dateModified\":\"2025-10-21T20:08:48+00:00\",\"mainEntityOfPage\":{\"@id\":\"https:\/\/constantinianorder.com\/lombardia-donazione-di-mascherine-sanitarie-a-como\/\"},\"wordCount\":234,\"publisher\":{\"@id\":\"https:\/\/constantinianorder.com\/#organization\"},\"image\":{\"@id\":\"https:\/\/constantinianorder.com\/lombardia-donazione-di-mascherine-sanitarie-a-como\/#primaryimage\"},\"thumbnailUrl\":\"https:\/\/constantinianorder.com\/wp-content\/uploads\/2020\/04\/como2.jpg\",\"articleSection\":[\"Delegaci\u00f3n de Lombardia\"],\"inLanguage\":\"es\"},{\"@type\":\"WebPage\",\"@id\":\"https:\/\/constantinianorder.com\/lombardia-donazione-di-mascherine-sanitarie-a-como\/\",\"url\":\"https:\/\/constantinianorder.com\/lombardia-donazione-di-mascherine-sanitarie-a-como\/\",\"name\":\"LOMBARDIA: DONACI\u00d3N DE M\u00c1SCARAS EN COMO - Sacro Militare Ordine Costantiniano di San Giorgio\",\"isPartOf\":{\"@id\":\"https:\/\/constantinianorder.com\/#website\"},\"primaryImageOfPage\":{\"@id\":\"https:\/\/constantinianorder.com\/lombardia-donazione-di-mascherine-sanitarie-a-como\/#primaryimage\"},\"image\":{\"@id\":\"https:\/\/constantinianorder.com\/lombardia-donazione-di-mascherine-sanitarie-a-como\/#primaryimage\"},\"thumbnailUrl\":\"https:\/\/constantinianorder.com\/wp-content\/uploads\/2020\/04\/como2.jpg\",\"datePublished\":\"2020-04-24T10:43:08+00:00\",\"dateModified\":\"2025-10-21T20:08:48+00:00\",\"breadcrumb\":{\"@id\":\"https:\/\/constantinianorder.com\/lombardia-donazione-di-mascherine-sanitarie-a-como\/#breadcrumb\"},\"inLanguage\":\"es\",\"potentialAction\":[{\"@type\":\"ReadAction\",\"target\":[\"https:\/\/constantinianorder.com\/lombardia-donazione-di-mascherine-sanitarie-a-como\/\"]}]},{\"@type\":\"ImageObject\",\"inLanguage\":\"es\",\"@id\":\"https:\/\/constantinianorder.com\/lombardia-donazione-di-mascherine-sanitarie-a-como\/#primaryimage\",\"url\":\"https:\/\/constantinianorder.com\/wp-content\/uploads\/2020\/04\/como2.jpg\",\"contentUrl\":\"https:\/\/constantinianorder.com\/wp-content\/uploads\/2020\/04\/como2.jpg\",\"width\":1024,\"height\":768},{\"@type\":\"BreadcrumbList\",\"@id\":\"https:\/\/constantinianorder.com\/lombardia-donazione-di-mascherine-sanitarie-a-como\/#breadcrumb\",\"itemListElement\":[{\"@type\":\"ListItem\",\"position\":1,\"name\":\"Home\",\"item\":\"https:\/\/constantinianorder.com\/en\/\"},{\"@type\":\"ListItem\",\"position\":2,\"name\":\"LOMBARDIA: DONACI\u00d3N DE M\u00c1SCARAS EN COMO\"}]},{\"@type\":\"WebSite\",\"@id\":\"https:\/\/constantinianorder.com\/#website\",\"url\":\"https:\/\/constantinianorder.com\/\",\"name\":\"Sacro Militare Ordine Costantiniano di San Giorgio\",\"description\":\"Ordine Ufficiale\",\"publisher\":{\"@id\":\"https:\/\/constantinianorder.com\/#organization\"},\"potentialAction\":[{\"@type\":\"SearchAction\",\"target\":{\"@type\":\"EntryPoint\",\"urlTemplate\":\"https:\/\/constantinianorder.com\/?s={search_term_string}\"},\"query-input\":{\"@type\":\"PropertyValueSpecification\",\"valueRequired\":true,\"valueName\":\"search_term_string\"}}],\"inLanguage\":\"es\"},{\"@type\":\"Organization\",\"@id\":\"https:\/\/constantinianorder.com\/#organization\",\"name\":\"Sacro Militare Ordine Costantiniano di San Giorgio\",\"url\":\"https:\/\/constantinianorder.com\/\",\"logo\":{\"@type\":\"ImageObject\",\"inLanguage\":\"es\",\"@id\":\"https:\/\/constantinianorder.com\/#\/schema\/logo\/image\/\",\"url\":\"https:\/\/constantinianorder.com\/wp-content\/uploads\/2025\/10\/cropped-logo-costantiniano.png\",\"contentUrl\":\"https:\/\/constantinianorder.com\/wp-content\/uploads\/2025\/10\/cropped-logo-costantiniano.png\",\"width\":512,\"height\":512,\"caption\":\"Sacro Militare Ordine Costantiniano di San Giorgio\"},\"image\":{\"@id\":\"https:\/\/constantinianorder.com\/#\/schema\/logo\/image\/\"},\"sameAs\":[\"https:\/\/www.facebook.com\/constantinianorder\",\"https:\/\/www.instagram.com\/constantinianorder\/\",\"https:\/\/www.youtube.com\/@granmagisterodelsacromilit9375\"]},{\"@type\":\"Person\",\"@id\":\"https:\/\/constantinianorder.com\/#\/schema\/person\/493f3b1475d575dcddda4ec923772c66\",\"name\":\"admin\",\"sameAs\":[\"https:\/\/constantinianorder.com\"],\"url\":\"https:\/\/constantinianorder.com\/es\/author\/domain_jlukbpo7\/\"}]}<\/script>\n<!-- \/ Yoast SEO plugin. -->","yoast_head_json":{"title":"LOMBARDIA: DONACI\u00d3N DE M\u00c1SCARAS EN COMO - Sacro Militare Ordine Costantiniano di San Giorgio","robots":{"index":"index","follow":"follow","max-snippet":"max-snippet:-1","max-image-preview":"max-image-preview:large","max-video-preview":"max-video-preview:-1"},"canonical":"https:\/\/constantinianorder.com\/lombardia-donazione-di-mascherine-sanitarie-a-como\/","og_locale":"es_ES","og_type":"article","og_title":"LOMBARDIA: DONACI\u00d3N DE M\u00c1SCARAS EN COMO - Sacro Militare Ordine Costantiniano di San Giorgio","og_description":"Como, 17 de abril de 2020 &#8211; La Orden Constantiniana, en colaboraci\u00f3n con el Cuerpo Militar de la Soberana Orden Militar de Malta, comenz\u00f3 a distribuir m\u00e1scaras de salud a los ancianos en el valle superior de Intelvi, despu\u00e9s de entregar un suministro al Instituto Santa Croce. La iniciativa fue coordinada por el Sr. Giuseppe [&hellip;]","og_url":"https:\/\/constantinianorder.com\/lombardia-donazione-di-mascherine-sanitarie-a-como\/","og_site_name":"Sacro Militare Ordine Costantiniano di San Giorgio","article_publisher":"https:\/\/www.facebook.com\/constantinianorder","article_published_time":"2020-04-24T10:43:08+00:00","article_modified_time":"2025-10-21T20:08:48+00:00","og_image":[{"width":1024,"height":768,"url":"https:\/\/constantinianorder.com\/wp-content\/uploads\/2020\/04\/como2.jpg","type":"image\/jpeg"}],"author":"admin","twitter_card":"summary_large_image","twitter_misc":{"Escrito por":"admin","Tiempo de lectura":"1 minuto"},"schema":{"@context":"https:\/\/schema.org","@graph":[{"@type":"Article","@id":"https:\/\/constantinianorder.com\/lombardia-donazione-di-mascherine-sanitarie-a-como\/#article","isPartOf":{"@id":"https:\/\/constantinianorder.com\/lombardia-donazione-di-mascherine-sanitarie-a-como\/"},"author":{"name":"admin","@id":"https:\/\/constantinianorder.com\/#\/schema\/person\/493f3b1475d575dcddda4ec923772c66"},"headline":"LOMBARDIA: DONACI\u00d3N DE M\u00c1SCARAS EN COMO","datePublished":"2020-04-24T10:43:08+00:00","dateModified":"2025-10-21T20:08:48+00:00","mainEntityOfPage":{"@id":"https:\/\/constantinianorder.com\/lombardia-donazione-di-mascherine-sanitarie-a-como\/"},"wordCount":234,"publisher":{"@id":"https:\/\/constantinianorder.com\/#organization"},"image":{"@id":"https:\/\/constantinianorder.com\/lombardia-donazione-di-mascherine-sanitarie-a-como\/#primaryimage"},"thumbnailUrl":"https:\/\/constantinianorder.com\/wp-content\/uploads\/2020\/04\/como2.jpg","articleSection":["Delegaci\u00f3n de Lombardia"],"inLanguage":"es"},{"@type":"WebPage","@id":"https:\/\/constantinianorder.com\/lombardia-donazione-di-mascherine-sanitarie-a-como\/","url":"https:\/\/constantinianorder.com\/lombardia-donazione-di-mascherine-sanitarie-a-como\/","name":"LOMBARDIA: DONACI\u00d3N DE M\u00c1SCARAS EN COMO - Sacro Militare Ordine Costantiniano di San Giorgio","isPartOf":{"@id":"https:\/\/constantinianorder.com\/#website"},"primaryImageOfPage":{"@id":"https:\/\/constantinianorder.com\/lombardia-donazione-di-mascherine-sanitarie-a-como\/#primaryimage"},"image":{"@id":"https:\/\/constantinianorder.com\/lombardia-donazione-di-mascherine-sanitarie-a-como\/#primaryimage"},"thumbnailUrl":"https:\/\/constantinianorder.com\/wp-content\/uploads\/2020\/04\/como2.jpg","datePublished":"2020-04-24T10:43:08+00:00","dateModified":"2025-10-21T20:08:48+00:00","breadcrumb":{"@id":"https:\/\/constantinianorder.com\/lombardia-donazione-di-mascherine-sanitarie-a-como\/#breadcrumb"},"inLanguage":"es","potentialAction":[{"@type":"ReadAction","target":["https:\/\/constantinianorder.com\/lombardia-donazione-di-mascherine-sanitarie-a-como\/"]}]},{"@type":"ImageObject","inLanguage":"es","@id":"https:\/\/constantinianorder.com\/lombardia-donazione-di-mascherine-sanitarie-a-como\/#primaryimage","url":"https:\/\/constantinianorder.com\/wp-content\/uploads\/2020\/04\/como2.jpg","contentUrl":"https:\/\/constantinianorder.com\/wp-content\/uploads\/2020\/04\/como2.jpg","width":1024,"height":768},{"@type":"BreadcrumbList","@id":"https:\/\/constantinianorder.com\/lombardia-donazione-di-mascherine-sanitarie-a-como\/#breadcrumb","itemListElement":[{"@type":"ListItem","position":1,"name":"Home","item":"https:\/\/constantinianorder.com\/en\/"},{"@type":"ListItem","position":2,"name":"LOMBARDIA: DONACI\u00d3N DE M\u00c1SCARAS EN COMO"}]},{"@type":"WebSite","@id":"https:\/\/constantinianorder.com\/#website","url":"https:\/\/constantinianorder.com\/","name":"Sacro Militare Ordine Costantiniano di San Giorgio","description":"Ordine Ufficiale","publisher":{"@id":"https:\/\/constantinianorder.com\/#organization"},"potentialAction":[{"@type":"SearchAction","target":{"@type":"EntryPoint","urlTemplate":"https:\/\/constantinianorder.com\/?s={search_term_string}"},"query-input":{"@type":"PropertyValueSpecification","valueRequired":true,"valueName":"search_term_string"}}],"inLanguage":"es"},{"@type":"Organization","@id":"https:\/\/constantinianorder.com\/#organization","name":"Sacro Militare Ordine Costantiniano di San Giorgio","url":"https:\/\/constantinianorder.com\/","logo":{"@type":"ImageObject","inLanguage":"es","@id":"https:\/\/constantinianorder.com\/#\/schema\/logo\/image\/","url":"https:\/\/constantinianorder.com\/wp-content\/uploads\/2025\/10\/cropped-logo-costantiniano.png","contentUrl":"https:\/\/constantinianorder.com\/wp-content\/uploads\/2025\/10\/cropped-logo-costantiniano.png","width":512,"height":512,"caption":"Sacro Militare Ordine Costantiniano di San Giorgio"},"image":{"@id":"https:\/\/constantinianorder.com\/#\/schema\/logo\/image\/"},"sameAs":["https:\/\/www.facebook.com\/constantinianorder","https:\/\/www.instagram.com\/constantinianorder\/","https:\/\/www.youtube.com\/@granmagisterodelsacromilit9375"]},{"@type":"Person","@id":"https:\/\/constantinianorder.com\/#\/schema\/person\/493f3b1475d575dcddda4ec923772c66","name":"admin","sameAs":["https:\/\/constantinianorder.com"],"url":"https:\/\/constantinianorder.com\/es\/author\/domain_jlukbpo7\/"}]}},"_links":{"self":[{"href":"https:\/\/constantinianorder.com\/es\/wp-json\/wp\/v2\/posts\/51805","targetHints":{"allow":["GET"]}}],"collection":[{"href":"https:\/\/constantinianorder.com\/es\/wp-json\/wp\/v2\/posts"}],"about":[{"href":"https:\/\/constantinianorder.com\/es\/wp-json\/wp\/v2\/types\/post"}],"author":[{"embeddable":true,"href":"https:\/\/constantinianorder.com\/es\/wp-json\/wp\/v2\/users\/1"}],"replies":[{"embeddable":true,"href":"https:\/\/constantinianorder.com\/es\/wp-json\/wp\/v2\/comments?post=51805"}],"version-history":[{"count":1,"href":"https:\/\/constantinianorder.com\/es\/wp-json\/wp\/v2\/posts\/51805\/revisions"}],"predecessor-version":[{"id":91363,"href":"https:\/\/constantinianorder.com\/es\/wp-json\/wp\/v2\/posts\/51805\/revisions\/91363"}],"wp:featuredmedia":[{"embeddable":true,"href":"https:\/\/constantinianorder.com\/es\/wp-json\/wp\/v2\/media\/51788"}],"wp:attachment":[{"href":"https:\/\/constantinianorder.com\/es\/wp-json\/wp\/v2\/media?parent=51805"}],"wp:term":[{"taxonomy":"category","embeddable":true,"href":"https:\/\/constantinianorder.com\/es\/wp-json\/wp\/v2\/categories?post=51805"},{"taxonomy":"post_tag","embeddable":true,"href":"https:\/\/constantinianorder.com\/es\/wp-json\/wp\/v2\/tags?post=51805"}],"curies":[{"name":"wp","href":"https:\/\/api.w.org\/{rel}","templated":true}]}}