{"id":48909,"date":"2020-01-07T17:13:26","date_gmt":"2020-01-07T17:13:26","guid":{"rendered":"https:\/\/constantinianorder.net\/piemonte-santa-messa-di-natale-e-cena-di-beneficenza\/"},"modified":"2025-10-21T20:31:48","modified_gmt":"2025-10-21T20:31:48","slug":"piamonte-santa-misa-de-navidad-y-cena-convivial","status":"publish","type":"post","link":"https:\/\/constantinianorder.com\/es\/piamonte-santa-misa-de-navidad-y-cena-convivial\/","title":{"rendered":"PIAMONTE: SANTA MISA DE NAVIDAD Y CENA CONVIVIAL"},"content":{"rendered":"\n<ul class=\"wp-block-gallery columns-1 is-cropped wp-block-gallery-1 is-layout-flex wp-block-gallery-is-layout-flex\"><li class=\"blocks-gallery-item\"><figure><img decoding=\"async\" src=\"https:\/\/constantinianorder.com\/wp-content\/uploads\/2020\/01\/IMG-20191216-WA0017-1024x768.jpg\" alt=\"\" data-id=\"48894\" data-link=\"https:\/\/export.constantinianorder.net\/?attachment_id=48894\" class=\"wp-image-48894\"\/><\/figure><\/li><\/ul>\n\n\n\n<p>El 14 de diciembre de 2019, la Representante de Alejandr\u00eda y Asti organiz\u00f3 como de costumbre la misa de Navidad y una cena de caridad. Este a\u00f1o el evento tuvo lugar en el magn\u00edfico escenario de la abad\u00eda de \u00abSanta Giustina\u00bb en Sezzadio (AL). La misa fue celebrada por Padre Augusto Piccoli, capell\u00e1n, y concelebrada por el p\u00e1rroco Padre Gioia Eugenio y Padre Giampaolo Civillini. Un gran grupo de canadienses de origen chino, que fueron recibidos en la residencia, participaron en esta celebraci\u00f3n y aprendieron muchas cosas sobre el territorio y la gastronom\u00eda de la regi\u00f3n. Tambi\u00e9n fue una buena oportunidad para hacer una colecci\u00f3n de alimentos que se distribuir\u00e1n a las familias m\u00e1s necesitadas. La cena convivial en el restaurante \u00abLa Cicala\u00bb en Castelnuovo Bormida concluy\u00f3 esta hermosa velada.<\/p>\n\n\n\n<ul class=\"wp-block-gallery columns-1 is-cropped wp-block-gallery-2 is-layout-flex wp-block-gallery-is-layout-flex\"><li class=\"blocks-gallery-item\"><figure><img decoding=\"async\" src=\"https:\/\/constantinianorder.com\/wp-content\/uploads\/2020\/01\/IMG-20191216-WA0021-1024x768.jpg\" alt=\"\" data-id=\"48898\" data-link=\"https:\/\/export.constantinianorder.net\/?attachment_id=48898\" class=\"wp-image-48898\"\/><\/figure><\/li><\/ul>\n","protected":false},"excerpt":{"rendered":"<p>El 14 de diciembre de 2019, la Representante de Alejandr\u00eda y Asti organiz\u00f3 como de costumbre la misa de Navidad y una cena de caridad. Este a\u00f1o el evento tuvo lugar en el magn\u00edfico escenario de la abad\u00eda de \u00abSanta Giustina\u00bb en Sezzadio (AL). La misa fue celebrada por Padre Augusto Piccoli, capell\u00e1n, y concelebrada [&hellip;]<\/p>\n","protected":false},"author":1,"featured_media":48902,"comment_status":"closed","ping_status":"closed","sticky":false,"template":"","format":"standard","meta":{"footnotes":""},"categories":[222],"tags":[],"class_list":["post-48909","post","type-post","status-publish","format-standard","has-post-thumbnail","hentry","category-delegacion-de-piamonte-y-valle-de-aosta"],"yoast_head":"<!-- This site is optimized with the Yoast SEO plugin v26.5 - https:\/\/yoast.com\/wordpress\/plugins\/seo\/ -->\n<title>PIAMONTE: SANTA MISA DE NAVIDAD Y CENA CONVIVIAL - Sacro Militare Ordine Costantiniano di San Giorgio<\/title>\n<meta name=\"robots\" content=\"index, follow, max-snippet:-1, max-image-preview:large, max-video-preview:-1\" \/>\n<link rel=\"canonical\" href=\"https:\/\/constantinianorder.com\/piemonte-santa-messa-di-natale-e-cena-di-beneficenza\/\" \/>\n<meta property=\"og:locale\" content=\"es_ES\" \/>\n<meta property=\"og:type\" content=\"article\" \/>\n<meta property=\"og:title\" content=\"PIAMONTE: SANTA MISA DE NAVIDAD Y CENA CONVIVIAL - Sacro Militare Ordine Costantiniano di San Giorgio\" \/>\n<meta property=\"og:description\" content=\"El 14 de diciembre de 2019, la Representante de Alejandr\u00eda y Asti organiz\u00f3 como de costumbre la misa de Navidad y una cena de caridad. Este a\u00f1o el evento tuvo lugar en el magn\u00edfico escenario de la abad\u00eda de \u00abSanta Giustina\u00bb en Sezzadio (AL). La misa fue celebrada por Padre Augusto Piccoli, capell\u00e1n, y concelebrada [&hellip;]\" \/>\n<meta property=\"og:url\" content=\"https:\/\/constantinianorder.com\/piemonte-santa-messa-di-natale-e-cena-di-beneficenza\/\" \/>\n<meta property=\"og:site_name\" content=\"Sacro Militare Ordine Costantiniano di San Giorgio\" \/>\n<meta property=\"article:publisher\" content=\"https:\/\/www.facebook.com\/constantinianorder\" \/>\n<meta property=\"article:published_time\" content=\"2020-01-07T17:13:26+00:00\" \/>\n<meta property=\"article:modified_time\" content=\"2025-10-21T20:31:48+00:00\" \/>\n<meta property=\"og:image\" content=\"https:\/\/constantinianorder.com\/wp-content\/uploads\/2020\/01\/IMG-20191216-WA0017-1.jpg\" \/>\n\t<meta property=\"og:image:width\" content=\"1024\" \/>\n\t<meta property=\"og:image:height\" content=\"768\" \/>\n\t<meta property=\"og:image:type\" content=\"image\/jpeg\" \/>\n<meta name=\"author\" content=\"admin\" \/>\n<meta name=\"twitter:card\" content=\"summary_large_image\" \/>\n<meta name=\"twitter:label1\" content=\"Escrito por\" \/>\n\t<meta name=\"twitter:data1\" content=\"admin\" \/>\n\t<meta name=\"twitter:label2\" content=\"Tiempo de lectura\" \/>\n\t<meta name=\"twitter:data2\" content=\"1 minuto\" \/>\n<script type=\"application\/ld+json\" class=\"yoast-schema-graph\">{\"@context\":\"https:\/\/schema.org\",\"@graph\":[{\"@type\":\"Article\",\"@id\":\"https:\/\/constantinianorder.com\/piemonte-santa-messa-di-natale-e-cena-di-beneficenza\/#article\",\"isPartOf\":{\"@id\":\"https:\/\/constantinianorder.com\/piemonte-santa-messa-di-natale-e-cena-di-beneficenza\/\"},\"author\":{\"name\":\"admin\",\"@id\":\"https:\/\/constantinianorder.com\/#\/schema\/person\/493f3b1475d575dcddda4ec923772c66\"},\"headline\":\"PIAMONTE: SANTA MISA DE NAVIDAD Y CENA CONVIVIAL\",\"datePublished\":\"2020-01-07T17:13:26+00:00\",\"dateModified\":\"2025-10-21T20:31:48+00:00\",\"mainEntityOfPage\":{\"@id\":\"https:\/\/constantinianorder.com\/piemonte-santa-messa-di-natale-e-cena-di-beneficenza\/\"},\"wordCount\":149,\"publisher\":{\"@id\":\"https:\/\/constantinianorder.com\/#organization\"},\"image\":{\"@id\":\"https:\/\/constantinianorder.com\/piemonte-santa-messa-di-natale-e-cena-di-beneficenza\/#primaryimage\"},\"thumbnailUrl\":\"https:\/\/constantinianorder.com\/wp-content\/uploads\/2020\/01\/IMG-20191216-WA0017-1.jpg\",\"articleSection\":[\"Delegaci\u00f3n de Piamonte y Valle de Aosta\"],\"inLanguage\":\"es\"},{\"@type\":\"WebPage\",\"@id\":\"https:\/\/constantinianorder.com\/piemonte-santa-messa-di-natale-e-cena-di-beneficenza\/\",\"url\":\"https:\/\/constantinianorder.com\/piemonte-santa-messa-di-natale-e-cena-di-beneficenza\/\",\"name\":\"PIAMONTE: SANTA MISA DE NAVIDAD Y CENA CONVIVIAL - Sacro Militare Ordine Costantiniano di San Giorgio\",\"isPartOf\":{\"@id\":\"https:\/\/constantinianorder.com\/#website\"},\"primaryImageOfPage\":{\"@id\":\"https:\/\/constantinianorder.com\/piemonte-santa-messa-di-natale-e-cena-di-beneficenza\/#primaryimage\"},\"image\":{\"@id\":\"https:\/\/constantinianorder.com\/piemonte-santa-messa-di-natale-e-cena-di-beneficenza\/#primaryimage\"},\"thumbnailUrl\":\"https:\/\/constantinianorder.com\/wp-content\/uploads\/2020\/01\/IMG-20191216-WA0017-1.jpg\",\"datePublished\":\"2020-01-07T17:13:26+00:00\",\"dateModified\":\"2025-10-21T20:31:48+00:00\",\"breadcrumb\":{\"@id\":\"https:\/\/constantinianorder.com\/piemonte-santa-messa-di-natale-e-cena-di-beneficenza\/#breadcrumb\"},\"inLanguage\":\"es\",\"potentialAction\":[{\"@type\":\"ReadAction\",\"target\":[\"https:\/\/constantinianorder.com\/piemonte-santa-messa-di-natale-e-cena-di-beneficenza\/\"]}]},{\"@type\":\"ImageObject\",\"inLanguage\":\"es\",\"@id\":\"https:\/\/constantinianorder.com\/piemonte-santa-messa-di-natale-e-cena-di-beneficenza\/#primaryimage\",\"url\":\"https:\/\/constantinianorder.com\/wp-content\/uploads\/2020\/01\/IMG-20191216-WA0017-1.jpg\",\"contentUrl\":\"https:\/\/constantinianorder.com\/wp-content\/uploads\/2020\/01\/IMG-20191216-WA0017-1.jpg\",\"width\":1024,\"height\":768},{\"@type\":\"BreadcrumbList\",\"@id\":\"https:\/\/constantinianorder.com\/piemonte-santa-messa-di-natale-e-cena-di-beneficenza\/#breadcrumb\",\"itemListElement\":[{\"@type\":\"ListItem\",\"position\":1,\"name\":\"Home\",\"item\":\"https:\/\/constantinianorder.com\/en\/\"},{\"@type\":\"ListItem\",\"position\":2,\"name\":\"PIAMONTE: SANTA MISA DE NAVIDAD Y CENA CONVIVIAL\"}]},{\"@type\":\"WebSite\",\"@id\":\"https:\/\/constantinianorder.com\/#website\",\"url\":\"https:\/\/constantinianorder.com\/\",\"name\":\"Sacro Militare Ordine Costantiniano di San Giorgio\",\"description\":\"Ordine Ufficiale\",\"publisher\":{\"@id\":\"https:\/\/constantinianorder.com\/#organization\"},\"potentialAction\":[{\"@type\":\"SearchAction\",\"target\":{\"@type\":\"EntryPoint\",\"urlTemplate\":\"https:\/\/constantinianorder.com\/?s={search_term_string}\"},\"query-input\":{\"@type\":\"PropertyValueSpecification\",\"valueRequired\":true,\"valueName\":\"search_term_string\"}}],\"inLanguage\":\"es\"},{\"@type\":\"Organization\",\"@id\":\"https:\/\/constantinianorder.com\/#organization\",\"name\":\"Sacro Militare Ordine Costantiniano di San Giorgio\",\"url\":\"https:\/\/constantinianorder.com\/\",\"logo\":{\"@type\":\"ImageObject\",\"inLanguage\":\"es\",\"@id\":\"https:\/\/constantinianorder.com\/#\/schema\/logo\/image\/\",\"url\":\"https:\/\/constantinianorder.com\/wp-content\/uploads\/2025\/10\/cropped-logo-costantiniano.png\",\"contentUrl\":\"https:\/\/constantinianorder.com\/wp-content\/uploads\/2025\/10\/cropped-logo-costantiniano.png\",\"width\":512,\"height\":512,\"caption\":\"Sacro Militare Ordine Costantiniano di San Giorgio\"},\"image\":{\"@id\":\"https:\/\/constantinianorder.com\/#\/schema\/logo\/image\/\"},\"sameAs\":[\"https:\/\/www.facebook.com\/constantinianorder\",\"https:\/\/www.instagram.com\/constantinianorder\/\",\"https:\/\/www.youtube.com\/@granmagisterodelsacromilit9375\"]},{\"@type\":\"Person\",\"@id\":\"https:\/\/constantinianorder.com\/#\/schema\/person\/493f3b1475d575dcddda4ec923772c66\",\"name\":\"admin\",\"sameAs\":[\"https:\/\/constantinianorder.com\"],\"url\":\"https:\/\/constantinianorder.com\/es\/author\/domain_jlukbpo7\/\"}]}<\/script>\n<!-- \/ Yoast SEO plugin. -->","yoast_head_json":{"title":"PIAMONTE: SANTA MISA DE NAVIDAD Y CENA CONVIVIAL - Sacro Militare Ordine Costantiniano di San Giorgio","robots":{"index":"index","follow":"follow","max-snippet":"max-snippet:-1","max-image-preview":"max-image-preview:large","max-video-preview":"max-video-preview:-1"},"canonical":"https:\/\/constantinianorder.com\/piemonte-santa-messa-di-natale-e-cena-di-beneficenza\/","og_locale":"es_ES","og_type":"article","og_title":"PIAMONTE: SANTA MISA DE NAVIDAD Y CENA CONVIVIAL - Sacro Militare Ordine Costantiniano di San Giorgio","og_description":"El 14 de diciembre de 2019, la Representante de Alejandr\u00eda y Asti organiz\u00f3 como de costumbre la misa de Navidad y una cena de caridad. Este a\u00f1o el evento tuvo lugar en el magn\u00edfico escenario de la abad\u00eda de \u00abSanta Giustina\u00bb en Sezzadio (AL). La misa fue celebrada por Padre Augusto Piccoli, capell\u00e1n, y concelebrada [&hellip;]","og_url":"https:\/\/constantinianorder.com\/piemonte-santa-messa-di-natale-e-cena-di-beneficenza\/","og_site_name":"Sacro Militare Ordine Costantiniano di San Giorgio","article_publisher":"https:\/\/www.facebook.com\/constantinianorder","article_published_time":"2020-01-07T17:13:26+00:00","article_modified_time":"2025-10-21T20:31:48+00:00","og_image":[{"width":1024,"height":768,"url":"https:\/\/constantinianorder.com\/wp-content\/uploads\/2020\/01\/IMG-20191216-WA0017-1.jpg","type":"image\/jpeg"}],"author":"admin","twitter_card":"summary_large_image","twitter_misc":{"Escrito por":"admin","Tiempo de lectura":"1 minuto"},"schema":{"@context":"https:\/\/schema.org","@graph":[{"@type":"Article","@id":"https:\/\/constantinianorder.com\/piemonte-santa-messa-di-natale-e-cena-di-beneficenza\/#article","isPartOf":{"@id":"https:\/\/constantinianorder.com\/piemonte-santa-messa-di-natale-e-cena-di-beneficenza\/"},"author":{"name":"admin","@id":"https:\/\/constantinianorder.com\/#\/schema\/person\/493f3b1475d575dcddda4ec923772c66"},"headline":"PIAMONTE: SANTA MISA DE NAVIDAD Y CENA CONVIVIAL","datePublished":"2020-01-07T17:13:26+00:00","dateModified":"2025-10-21T20:31:48+00:00","mainEntityOfPage":{"@id":"https:\/\/constantinianorder.com\/piemonte-santa-messa-di-natale-e-cena-di-beneficenza\/"},"wordCount":149,"publisher":{"@id":"https:\/\/constantinianorder.com\/#organization"},"image":{"@id":"https:\/\/constantinianorder.com\/piemonte-santa-messa-di-natale-e-cena-di-beneficenza\/#primaryimage"},"thumbnailUrl":"https:\/\/constantinianorder.com\/wp-content\/uploads\/2020\/01\/IMG-20191216-WA0017-1.jpg","articleSection":["Delegaci\u00f3n de Piamonte y Valle de Aosta"],"inLanguage":"es"},{"@type":"WebPage","@id":"https:\/\/constantinianorder.com\/piemonte-santa-messa-di-natale-e-cena-di-beneficenza\/","url":"https:\/\/constantinianorder.com\/piemonte-santa-messa-di-natale-e-cena-di-beneficenza\/","name":"PIAMONTE: SANTA MISA DE NAVIDAD Y CENA CONVIVIAL - Sacro Militare Ordine Costantiniano di San Giorgio","isPartOf":{"@id":"https:\/\/constantinianorder.com\/#website"},"primaryImageOfPage":{"@id":"https:\/\/constantinianorder.com\/piemonte-santa-messa-di-natale-e-cena-di-beneficenza\/#primaryimage"},"image":{"@id":"https:\/\/constantinianorder.com\/piemonte-santa-messa-di-natale-e-cena-di-beneficenza\/#primaryimage"},"thumbnailUrl":"https:\/\/constantinianorder.com\/wp-content\/uploads\/2020\/01\/IMG-20191216-WA0017-1.jpg","datePublished":"2020-01-07T17:13:26+00:00","dateModified":"2025-10-21T20:31:48+00:00","breadcrumb":{"@id":"https:\/\/constantinianorder.com\/piemonte-santa-messa-di-natale-e-cena-di-beneficenza\/#breadcrumb"},"inLanguage":"es","potentialAction":[{"@type":"ReadAction","target":["https:\/\/constantinianorder.com\/piemonte-santa-messa-di-natale-e-cena-di-beneficenza\/"]}]},{"@type":"ImageObject","inLanguage":"es","@id":"https:\/\/constantinianorder.com\/piemonte-santa-messa-di-natale-e-cena-di-beneficenza\/#primaryimage","url":"https:\/\/constantinianorder.com\/wp-content\/uploads\/2020\/01\/IMG-20191216-WA0017-1.jpg","contentUrl":"https:\/\/constantinianorder.com\/wp-content\/uploads\/2020\/01\/IMG-20191216-WA0017-1.jpg","width":1024,"height":768},{"@type":"BreadcrumbList","@id":"https:\/\/constantinianorder.com\/piemonte-santa-messa-di-natale-e-cena-di-beneficenza\/#breadcrumb","itemListElement":[{"@type":"ListItem","position":1,"name":"Home","item":"https:\/\/constantinianorder.com\/en\/"},{"@type":"ListItem","position":2,"name":"PIAMONTE: SANTA MISA DE NAVIDAD Y CENA CONVIVIAL"}]},{"@type":"WebSite","@id":"https:\/\/constantinianorder.com\/#website","url":"https:\/\/constantinianorder.com\/","name":"Sacro Militare Ordine Costantiniano di San Giorgio","description":"Ordine Ufficiale","publisher":{"@id":"https:\/\/constantinianorder.com\/#organization"},"potentialAction":[{"@type":"SearchAction","target":{"@type":"EntryPoint","urlTemplate":"https:\/\/constantinianorder.com\/?s={search_term_string}"},"query-input":{"@type":"PropertyValueSpecification","valueRequired":true,"valueName":"search_term_string"}}],"inLanguage":"es"},{"@type":"Organization","@id":"https:\/\/constantinianorder.com\/#organization","name":"Sacro Militare Ordine Costantiniano di San Giorgio","url":"https:\/\/constantinianorder.com\/","logo":{"@type":"ImageObject","inLanguage":"es","@id":"https:\/\/constantinianorder.com\/#\/schema\/logo\/image\/","url":"https:\/\/constantinianorder.com\/wp-content\/uploads\/2025\/10\/cropped-logo-costantiniano.png","contentUrl":"https:\/\/constantinianorder.com\/wp-content\/uploads\/2025\/10\/cropped-logo-costantiniano.png","width":512,"height":512,"caption":"Sacro Militare Ordine Costantiniano di San Giorgio"},"image":{"@id":"https:\/\/constantinianorder.com\/#\/schema\/logo\/image\/"},"sameAs":["https:\/\/www.facebook.com\/constantinianorder","https:\/\/www.instagram.com\/constantinianorder\/","https:\/\/www.youtube.com\/@granmagisterodelsacromilit9375"]},{"@type":"Person","@id":"https:\/\/constantinianorder.com\/#\/schema\/person\/493f3b1475d575dcddda4ec923772c66","name":"admin","sameAs":["https:\/\/constantinianorder.com"],"url":"https:\/\/constantinianorder.com\/es\/author\/domain_jlukbpo7\/"}]}},"_links":{"self":[{"href":"https:\/\/constantinianorder.com\/es\/wp-json\/wp\/v2\/posts\/48909","targetHints":{"allow":["GET"]}}],"collection":[{"href":"https:\/\/constantinianorder.com\/es\/wp-json\/wp\/v2\/posts"}],"about":[{"href":"https:\/\/constantinianorder.com\/es\/wp-json\/wp\/v2\/types\/post"}],"author":[{"embeddable":true,"href":"https:\/\/constantinianorder.com\/es\/wp-json\/wp\/v2\/users\/1"}],"replies":[{"embeddable":true,"href":"https:\/\/constantinianorder.com\/es\/wp-json\/wp\/v2\/comments?post=48909"}],"version-history":[{"count":1,"href":"https:\/\/constantinianorder.com\/es\/wp-json\/wp\/v2\/posts\/48909\/revisions"}],"predecessor-version":[{"id":91911,"href":"https:\/\/constantinianorder.com\/es\/wp-json\/wp\/v2\/posts\/48909\/revisions\/91911"}],"wp:featuredmedia":[{"embeddable":true,"href":"https:\/\/constantinianorder.com\/es\/wp-json\/wp\/v2\/media\/48902"}],"wp:attachment":[{"href":"https:\/\/constantinianorder.com\/es\/wp-json\/wp\/v2\/media?parent=48909"}],"wp:term":[{"taxonomy":"category","embeddable":true,"href":"https:\/\/constantinianorder.com\/es\/wp-json\/wp\/v2\/categories?post=48909"},{"taxonomy":"post_tag","embeddable":true,"href":"https:\/\/constantinianorder.com\/es\/wp-json\/wp\/v2\/tags?post=48909"}],"curies":[{"name":"wp","href":"https:\/\/api.w.org\/{rel}","templated":true}]}}