{"id":105282,"date":"2026-01-03T10:57:00","date_gmt":"2026-01-03T10:57:00","guid":{"rendered":"https:\/\/constantinianorder.com\/lombardia-la-delegacion-une-fuerzas-con-la-fundacion-tanghetti-chiari-ets\/"},"modified":"2026-04-29T15:22:58","modified_gmt":"2026-04-29T15:22:58","slug":"lombardia-la-delegacion-une-fuerzas-con-la-fundacion-tanghetti-chiari-ets","status":"publish","type":"post","link":"https:\/\/constantinianorder.com\/es\/lombardia-la-delegacion-une-fuerzas-con-la-fundacion-tanghetti-chiari-ets\/","title":{"rendered":"Lombard\u00eda: La delegaci\u00f3n une fuerzas con la Fundaci\u00f3n Tanghetti &amp; Chiari ETS"},"content":{"rendered":"\n<p><\/p>\n\n<p>Mil\u00e1n, 3 de enero de 2026 \u2013 Ha comenzado la misi\u00f3n \u201cTendopoli de San Ferdinando\u201d de la Fundaci\u00f3n Tanghetti &amp; Chiari ETS: desde una distancia de 1.160 km, Fiorella Tanghetti, Katia Chiari y nueve voluntarios llevaron una carga de ayuda humanitaria al campamento de San Ferdinando en Reggio Calabria.<br\/><br\/>Con aproximadamente 1.000 edredones, 3.000 brioches, 340 paquetes de regalo y mucho m\u00e1s, la Fundaci\u00f3n ha hecho su parte para aliviar el sufrimiento de quienes viven en condiciones dif\u00edciles, con la valiosa ayuda de Bartolo Mercuri, conocido como \u201cPap\u00e1 \u00c1frica\u201d, quien desde hace a\u00f1os se dedica a llevar ayuda a los necesitados.<br\/><br\/>\u201cA pesar de los avances, la pobreza sigue siendo una realidad y es fundamental \u2014recuerda la Fundaci\u00f3n\u2014 continuar sensibilizando sobre esta cuesti\u00f3n, ya que con demasiada frecuencia se producen verdaderas violaciones de los derechos humanos y cada uno de nosotros tiene el deber de actuar.\u201d<\/p>\n\n<p><\/p>\n\n<figure class=\"wp-block-image aligncenter size-full\"><img fetchpriority=\"high\" decoding=\"async\" width=\"576\" height=\"432\" src=\"https:\/\/constantinianorder.com\/wp-content\/uploads\/2026\/02\/Don-Arnaldo.jpg\" alt=\"\" class=\"wp-image-102879\" srcset=\"https:\/\/constantinianorder.com\/wp-content\/uploads\/2026\/02\/Don-Arnaldo.jpg 576w, https:\/\/constantinianorder.com\/wp-content\/uploads\/2026\/02\/Don-Arnaldo-300x225.webp 300w\" sizes=\"(max-width: 576px) 100vw, 576px\" \/><\/figure>\n","protected":false},"excerpt":{"rendered":"<p>Mil\u00e1n, 3 de enero de 2026 \u2013 Ha comenzado la misi\u00f3n \u201cTendopoli de San Ferdinando\u201d de la Fundaci\u00f3n Tanghetti &amp; Chiari ETS: desde una distancia de 1.160 km, Fiorella Tanghetti, Katia Chiari y nueve voluntarios llevaron una carga de ayuda humanitaria al campamento de San Ferdinando en Reggio Calabria. Con aproximadamente 1.000 edredones, 3.000 brioches, [&hellip;]<\/p>\n","protected":false},"author":10,"featured_media":0,"comment_status":"closed","ping_status":"closed","sticky":false,"template":"","format":"standard","meta":{"footnotes":""},"categories":[218],"tags":[],"class_list":["post-105282","post","type-post","status-publish","format-standard","hentry","category-delegacion-de-lombardia"],"yoast_head":"<!-- This site is optimized with the Yoast SEO plugin v26.5 - https:\/\/yoast.com\/wordpress\/plugins\/seo\/ -->\n<title>Lombard\u00eda: La delegaci\u00f3n une fuerzas con la Fundaci\u00f3n Tanghetti &amp; Chiari ETS - Sacro Militare Ordine Costantiniano di San Giorgio<\/title>\n<meta name=\"robots\" content=\"index, follow, max-snippet:-1, max-image-preview:large, max-video-preview:-1\" \/>\n<link rel=\"canonical\" href=\"https:\/\/constantinianorder.com\/es\/lombardia-la-delegacion-une-fuerzas-con-la-fundacion-tanghetti-chiari-ets\/\" \/>\n<meta property=\"og:locale\" content=\"es_ES\" \/>\n<meta property=\"og:type\" content=\"article\" \/>\n<meta property=\"og:title\" content=\"Lombard\u00eda: La delegaci\u00f3n une fuerzas con la Fundaci\u00f3n Tanghetti &amp; Chiari ETS - Sacro Militare Ordine Costantiniano di San Giorgio\" \/>\n<meta property=\"og:description\" content=\"Mil\u00e1n, 3 de enero de 2026 \u2013 Ha comenzado la misi\u00f3n \u201cTendopoli de San Ferdinando\u201d de la Fundaci\u00f3n Tanghetti &amp; Chiari ETS: desde una distancia de 1.160 km, Fiorella Tanghetti, Katia Chiari y nueve voluntarios llevaron una carga de ayuda humanitaria al campamento de San Ferdinando en Reggio Calabria. Con aproximadamente 1.000 edredones, 3.000 brioches, [&hellip;]\" \/>\n<meta property=\"og:url\" content=\"https:\/\/constantinianorder.com\/es\/lombardia-la-delegacion-une-fuerzas-con-la-fundacion-tanghetti-chiari-ets\/\" \/>\n<meta property=\"og:site_name\" content=\"Sacro Militare Ordine Costantiniano di San Giorgio\" \/>\n<meta property=\"article:publisher\" content=\"https:\/\/www.facebook.com\/constantinianorder\" \/>\n<meta property=\"article:published_time\" content=\"2026-01-03T10:57:00+00:00\" \/>\n<meta property=\"article:modified_time\" content=\"2026-04-29T15:22:58+00:00\" \/>\n<meta property=\"og:image\" content=\"https:\/\/constantinianorder.com\/wp-content\/uploads\/2026\/02\/Don-Arnaldo.jpg\" \/>\n\t<meta property=\"og:image:width\" content=\"576\" \/>\n\t<meta property=\"og:image:height\" content=\"432\" \/>\n\t<meta property=\"og:image:type\" content=\"image\/webp\" \/>\n<meta name=\"author\" content=\"Terzo Editor Cancelleria\" \/>\n<meta name=\"twitter:card\" content=\"summary_large_image\" \/>\n<meta name=\"twitter:label1\" content=\"Escrito por\" \/>\n\t<meta name=\"twitter:data1\" content=\"Terzo Editor Cancelleria\" \/>\n\t<meta name=\"twitter:label2\" content=\"Tiempo de lectura\" \/>\n\t<meta name=\"twitter:data2\" content=\"1 minuto\" \/>\n<script type=\"application\/ld+json\" class=\"yoast-schema-graph\">{\"@context\":\"https:\/\/schema.org\",\"@graph\":[{\"@type\":\"Article\",\"@id\":\"https:\/\/constantinianorder.com\/es\/lombardia-la-delegacion-une-fuerzas-con-la-fundacion-tanghetti-chiari-ets\/#article\",\"isPartOf\":{\"@id\":\"https:\/\/constantinianorder.com\/es\/lombardia-la-delegacion-une-fuerzas-con-la-fundacion-tanghetti-chiari-ets\/\"},\"author\":{\"name\":\"Terzo Editor Cancelleria\",\"@id\":\"https:\/\/constantinianorder.com\/#\/schema\/person\/5fb5b3aeaa71cb4acb8c3009756c9bd1\"},\"headline\":\"Lombard\u00eda: La delegaci\u00f3n une fuerzas con la Fundaci\u00f3n Tanghetti &amp; Chiari ETS\",\"datePublished\":\"2026-01-03T10:57:00+00:00\",\"dateModified\":\"2026-04-29T15:22:58+00:00\",\"mainEntityOfPage\":{\"@id\":\"https:\/\/constantinianorder.com\/es\/lombardia-la-delegacion-une-fuerzas-con-la-fundacion-tanghetti-chiari-ets\/\"},\"wordCount\":163,\"publisher\":{\"@id\":\"https:\/\/constantinianorder.com\/#organization\"},\"image\":{\"@id\":\"https:\/\/constantinianorder.com\/es\/lombardia-la-delegacion-une-fuerzas-con-la-fundacion-tanghetti-chiari-ets\/#primaryimage\"},\"thumbnailUrl\":\"https:\/\/constantinianorder.com\/wp-content\/uploads\/2026\/02\/Don-Arnaldo.jpg\",\"articleSection\":[\"Delegaci\u00f3n de Lombardia\"],\"inLanguage\":\"es\"},{\"@type\":\"WebPage\",\"@id\":\"https:\/\/constantinianorder.com\/es\/lombardia-la-delegacion-une-fuerzas-con-la-fundacion-tanghetti-chiari-ets\/\",\"url\":\"https:\/\/constantinianorder.com\/es\/lombardia-la-delegacion-une-fuerzas-con-la-fundacion-tanghetti-chiari-ets\/\",\"name\":\"Lombard\u00eda: La delegaci\u00f3n une fuerzas con la Fundaci\u00f3n Tanghetti &amp; Chiari ETS - Sacro Militare Ordine Costantiniano di San Giorgio\",\"isPartOf\":{\"@id\":\"https:\/\/constantinianorder.com\/#website\"},\"primaryImageOfPage\":{\"@id\":\"https:\/\/constantinianorder.com\/es\/lombardia-la-delegacion-une-fuerzas-con-la-fundacion-tanghetti-chiari-ets\/#primaryimage\"},\"image\":{\"@id\":\"https:\/\/constantinianorder.com\/es\/lombardia-la-delegacion-une-fuerzas-con-la-fundacion-tanghetti-chiari-ets\/#primaryimage\"},\"thumbnailUrl\":\"https:\/\/constantinianorder.com\/wp-content\/uploads\/2026\/02\/Don-Arnaldo.jpg\",\"datePublished\":\"2026-01-03T10:57:00+00:00\",\"dateModified\":\"2026-04-29T15:22:58+00:00\",\"breadcrumb\":{\"@id\":\"https:\/\/constantinianorder.com\/es\/lombardia-la-delegacion-une-fuerzas-con-la-fundacion-tanghetti-chiari-ets\/#breadcrumb\"},\"inLanguage\":\"es\",\"potentialAction\":[{\"@type\":\"ReadAction\",\"target\":[\"https:\/\/constantinianorder.com\/es\/lombardia-la-delegacion-une-fuerzas-con-la-fundacion-tanghetti-chiari-ets\/\"]}]},{\"@type\":\"ImageObject\",\"inLanguage\":\"es\",\"@id\":\"https:\/\/constantinianorder.com\/es\/lombardia-la-delegacion-une-fuerzas-con-la-fundacion-tanghetti-chiari-ets\/#primaryimage\",\"url\":\"https:\/\/constantinianorder.com\/wp-content\/uploads\/2026\/02\/Don-Arnaldo.jpg\",\"contentUrl\":\"https:\/\/constantinianorder.com\/wp-content\/uploads\/2026\/02\/Don-Arnaldo.jpg\"},{\"@type\":\"BreadcrumbList\",\"@id\":\"https:\/\/constantinianorder.com\/es\/lombardia-la-delegacion-une-fuerzas-con-la-fundacion-tanghetti-chiari-ets\/#breadcrumb\",\"itemListElement\":[{\"@type\":\"ListItem\",\"position\":1,\"name\":\"Home\",\"item\":\"https:\/\/constantinianorder.com\/en\/\"},{\"@type\":\"ListItem\",\"position\":2,\"name\":\"Lombard\u00eda: La delegaci\u00f3n une fuerzas con la Fundaci\u00f3n Tanghetti &amp; Chiari ETS\"}]},{\"@type\":\"WebSite\",\"@id\":\"https:\/\/constantinianorder.com\/#website\",\"url\":\"https:\/\/constantinianorder.com\/\",\"name\":\"Sacro Militare Ordine Costantiniano di San Giorgio\",\"description\":\"Ordine Ufficiale\",\"publisher\":{\"@id\":\"https:\/\/constantinianorder.com\/#organization\"},\"potentialAction\":[{\"@type\":\"SearchAction\",\"target\":{\"@type\":\"EntryPoint\",\"urlTemplate\":\"https:\/\/constantinianorder.com\/?s={search_term_string}\"},\"query-input\":{\"@type\":\"PropertyValueSpecification\",\"valueRequired\":true,\"valueName\":\"search_term_string\"}}],\"inLanguage\":\"es\"},{\"@type\":\"Organization\",\"@id\":\"https:\/\/constantinianorder.com\/#organization\",\"name\":\"Sacro Militare Ordine Costantiniano di San Giorgio\",\"url\":\"https:\/\/constantinianorder.com\/\",\"logo\":{\"@type\":\"ImageObject\",\"inLanguage\":\"es\",\"@id\":\"https:\/\/constantinianorder.com\/#\/schema\/logo\/image\/\",\"url\":\"https:\/\/constantinianorder.com\/wp-content\/uploads\/2025\/10\/cropped-logo-costantiniano.png\",\"contentUrl\":\"https:\/\/constantinianorder.com\/wp-content\/uploads\/2025\/10\/cropped-logo-costantiniano.png\",\"width\":512,\"height\":512,\"caption\":\"Sacro Militare Ordine Costantiniano di San Giorgio\"},\"image\":{\"@id\":\"https:\/\/constantinianorder.com\/#\/schema\/logo\/image\/\"},\"sameAs\":[\"https:\/\/www.facebook.com\/constantinianorder\",\"https:\/\/www.instagram.com\/constantinianorder\/\",\"https:\/\/www.youtube.com\/@granmagisterodelsacromilit9375\"]},{\"@type\":\"Person\",\"@id\":\"https:\/\/constantinianorder.com\/#\/schema\/person\/5fb5b3aeaa71cb4acb8c3009756c9bd1\",\"name\":\"Terzo Editor Cancelleria\",\"url\":\"https:\/\/constantinianorder.com\/es\/author\/cancelleria3\/\"}]}<\/script>\n<!-- \/ Yoast SEO plugin. -->","yoast_head_json":{"title":"Lombard\u00eda: La delegaci\u00f3n une fuerzas con la Fundaci\u00f3n Tanghetti &amp; Chiari ETS - Sacro Militare Ordine Costantiniano di San Giorgio","robots":{"index":"index","follow":"follow","max-snippet":"max-snippet:-1","max-image-preview":"max-image-preview:large","max-video-preview":"max-video-preview:-1"},"canonical":"https:\/\/constantinianorder.com\/es\/lombardia-la-delegacion-une-fuerzas-con-la-fundacion-tanghetti-chiari-ets\/","og_locale":"es_ES","og_type":"article","og_title":"Lombard\u00eda: La delegaci\u00f3n une fuerzas con la Fundaci\u00f3n Tanghetti &amp; Chiari ETS - Sacro Militare Ordine Costantiniano di San Giorgio","og_description":"Mil\u00e1n, 3 de enero de 2026 \u2013 Ha comenzado la misi\u00f3n \u201cTendopoli de San Ferdinando\u201d de la Fundaci\u00f3n Tanghetti &amp; Chiari ETS: desde una distancia de 1.160 km, Fiorella Tanghetti, Katia Chiari y nueve voluntarios llevaron una carga de ayuda humanitaria al campamento de San Ferdinando en Reggio Calabria. Con aproximadamente 1.000 edredones, 3.000 brioches, [&hellip;]","og_url":"https:\/\/constantinianorder.com\/es\/lombardia-la-delegacion-une-fuerzas-con-la-fundacion-tanghetti-chiari-ets\/","og_site_name":"Sacro Militare Ordine Costantiniano di San Giorgio","article_publisher":"https:\/\/www.facebook.com\/constantinianorder","article_published_time":"2026-01-03T10:57:00+00:00","article_modified_time":"2026-04-29T15:22:58+00:00","og_image":[{"width":576,"height":432,"url":"https:\/\/constantinianorder.com\/wp-content\/uploads\/2026\/02\/Don-Arnaldo.jpg","type":"image\/webp"}],"author":"Terzo Editor Cancelleria","twitter_card":"summary_large_image","twitter_misc":{"Escrito por":"Terzo Editor Cancelleria","Tiempo de lectura":"1 minuto"},"schema":{"@context":"https:\/\/schema.org","@graph":[{"@type":"Article","@id":"https:\/\/constantinianorder.com\/es\/lombardia-la-delegacion-une-fuerzas-con-la-fundacion-tanghetti-chiari-ets\/#article","isPartOf":{"@id":"https:\/\/constantinianorder.com\/es\/lombardia-la-delegacion-une-fuerzas-con-la-fundacion-tanghetti-chiari-ets\/"},"author":{"name":"Terzo Editor Cancelleria","@id":"https:\/\/constantinianorder.com\/#\/schema\/person\/5fb5b3aeaa71cb4acb8c3009756c9bd1"},"headline":"Lombard\u00eda: La delegaci\u00f3n une fuerzas con la Fundaci\u00f3n Tanghetti &amp; Chiari ETS","datePublished":"2026-01-03T10:57:00+00:00","dateModified":"2026-04-29T15:22:58+00:00","mainEntityOfPage":{"@id":"https:\/\/constantinianorder.com\/es\/lombardia-la-delegacion-une-fuerzas-con-la-fundacion-tanghetti-chiari-ets\/"},"wordCount":163,"publisher":{"@id":"https:\/\/constantinianorder.com\/#organization"},"image":{"@id":"https:\/\/constantinianorder.com\/es\/lombardia-la-delegacion-une-fuerzas-con-la-fundacion-tanghetti-chiari-ets\/#primaryimage"},"thumbnailUrl":"https:\/\/constantinianorder.com\/wp-content\/uploads\/2026\/02\/Don-Arnaldo.jpg","articleSection":["Delegaci\u00f3n de Lombardia"],"inLanguage":"es"},{"@type":"WebPage","@id":"https:\/\/constantinianorder.com\/es\/lombardia-la-delegacion-une-fuerzas-con-la-fundacion-tanghetti-chiari-ets\/","url":"https:\/\/constantinianorder.com\/es\/lombardia-la-delegacion-une-fuerzas-con-la-fundacion-tanghetti-chiari-ets\/","name":"Lombard\u00eda: La delegaci\u00f3n une fuerzas con la Fundaci\u00f3n Tanghetti &amp; Chiari ETS - Sacro Militare Ordine Costantiniano di San Giorgio","isPartOf":{"@id":"https:\/\/constantinianorder.com\/#website"},"primaryImageOfPage":{"@id":"https:\/\/constantinianorder.com\/es\/lombardia-la-delegacion-une-fuerzas-con-la-fundacion-tanghetti-chiari-ets\/#primaryimage"},"image":{"@id":"https:\/\/constantinianorder.com\/es\/lombardia-la-delegacion-une-fuerzas-con-la-fundacion-tanghetti-chiari-ets\/#primaryimage"},"thumbnailUrl":"https:\/\/constantinianorder.com\/wp-content\/uploads\/2026\/02\/Don-Arnaldo.jpg","datePublished":"2026-01-03T10:57:00+00:00","dateModified":"2026-04-29T15:22:58+00:00","breadcrumb":{"@id":"https:\/\/constantinianorder.com\/es\/lombardia-la-delegacion-une-fuerzas-con-la-fundacion-tanghetti-chiari-ets\/#breadcrumb"},"inLanguage":"es","potentialAction":[{"@type":"ReadAction","target":["https:\/\/constantinianorder.com\/es\/lombardia-la-delegacion-une-fuerzas-con-la-fundacion-tanghetti-chiari-ets\/"]}]},{"@type":"ImageObject","inLanguage":"es","@id":"https:\/\/constantinianorder.com\/es\/lombardia-la-delegacion-une-fuerzas-con-la-fundacion-tanghetti-chiari-ets\/#primaryimage","url":"https:\/\/constantinianorder.com\/wp-content\/uploads\/2026\/02\/Don-Arnaldo.jpg","contentUrl":"https:\/\/constantinianorder.com\/wp-content\/uploads\/2026\/02\/Don-Arnaldo.jpg"},{"@type":"BreadcrumbList","@id":"https:\/\/constantinianorder.com\/es\/lombardia-la-delegacion-une-fuerzas-con-la-fundacion-tanghetti-chiari-ets\/#breadcrumb","itemListElement":[{"@type":"ListItem","position":1,"name":"Home","item":"https:\/\/constantinianorder.com\/en\/"},{"@type":"ListItem","position":2,"name":"Lombard\u00eda: La delegaci\u00f3n une fuerzas con la Fundaci\u00f3n Tanghetti &amp; Chiari ETS"}]},{"@type":"WebSite","@id":"https:\/\/constantinianorder.com\/#website","url":"https:\/\/constantinianorder.com\/","name":"Sacro Militare Ordine Costantiniano di San Giorgio","description":"Ordine Ufficiale","publisher":{"@id":"https:\/\/constantinianorder.com\/#organization"},"potentialAction":[{"@type":"SearchAction","target":{"@type":"EntryPoint","urlTemplate":"https:\/\/constantinianorder.com\/?s={search_term_string}"},"query-input":{"@type":"PropertyValueSpecification","valueRequired":true,"valueName":"search_term_string"}}],"inLanguage":"es"},{"@type":"Organization","@id":"https:\/\/constantinianorder.com\/#organization","name":"Sacro Militare Ordine Costantiniano di San Giorgio","url":"https:\/\/constantinianorder.com\/","logo":{"@type":"ImageObject","inLanguage":"es","@id":"https:\/\/constantinianorder.com\/#\/schema\/logo\/image\/","url":"https:\/\/constantinianorder.com\/wp-content\/uploads\/2025\/10\/cropped-logo-costantiniano.png","contentUrl":"https:\/\/constantinianorder.com\/wp-content\/uploads\/2025\/10\/cropped-logo-costantiniano.png","width":512,"height":512,"caption":"Sacro Militare Ordine Costantiniano di San Giorgio"},"image":{"@id":"https:\/\/constantinianorder.com\/#\/schema\/logo\/image\/"},"sameAs":["https:\/\/www.facebook.com\/constantinianorder","https:\/\/www.instagram.com\/constantinianorder\/","https:\/\/www.youtube.com\/@granmagisterodelsacromilit9375"]},{"@type":"Person","@id":"https:\/\/constantinianorder.com\/#\/schema\/person\/5fb5b3aeaa71cb4acb8c3009756c9bd1","name":"Terzo Editor Cancelleria","url":"https:\/\/constantinianorder.com\/es\/author\/cancelleria3\/"}]}},"_links":{"self":[{"href":"https:\/\/constantinianorder.com\/es\/wp-json\/wp\/v2\/posts\/105282","targetHints":{"allow":["GET"]}}],"collection":[{"href":"https:\/\/constantinianorder.com\/es\/wp-json\/wp\/v2\/posts"}],"about":[{"href":"https:\/\/constantinianorder.com\/es\/wp-json\/wp\/v2\/types\/post"}],"author":[{"embeddable":true,"href":"https:\/\/constantinianorder.com\/es\/wp-json\/wp\/v2\/users\/10"}],"replies":[{"embeddable":true,"href":"https:\/\/constantinianorder.com\/es\/wp-json\/wp\/v2\/comments?post=105282"}],"version-history":[{"count":1,"href":"https:\/\/constantinianorder.com\/es\/wp-json\/wp\/v2\/posts\/105282\/revisions"}],"predecessor-version":[{"id":105283,"href":"https:\/\/constantinianorder.com\/es\/wp-json\/wp\/v2\/posts\/105282\/revisions\/105283"}],"wp:attachment":[{"href":"https:\/\/constantinianorder.com\/es\/wp-json\/wp\/v2\/media?parent=105282"}],"wp:term":[{"taxonomy":"category","embeddable":true,"href":"https:\/\/constantinianorder.com\/es\/wp-json\/wp\/v2\/categories?post=105282"},{"taxonomy":"post_tag","embeddable":true,"href":"https:\/\/constantinianorder.com\/es\/wp-json\/wp\/v2\/tags?post=105282"}],"curies":[{"name":"wp","href":"https:\/\/api.w.org\/{rel}","templated":true}]}}