{"id":105083,"date":"2026-03-19T10:56:30","date_gmt":"2026-03-19T10:56:30","guid":{"rendered":"https:\/\/constantinianorder.com\/nombramiento-como-caballero-del-jefe-del-estado-mayor-de-la-aeronautica-militar\/"},"modified":"2026-04-28T09:26:49","modified_gmt":"2026-04-28T09:26:49","slug":"nombramiento-como-caballero-del-jefe-del-estado-mayor-de-la-aeronautica-militar","status":"publish","type":"post","link":"https:\/\/constantinianorder.com\/es\/nombramiento-como-caballero-del-jefe-del-estado-mayor-de-la-aeronautica-militar\/","title":{"rendered":"Nombramiento como Caballero del Jefe del Estado Mayor de la Aeron\u00e1utica Militar"},"content":{"rendered":"\n<p><\/p>\n\n<p><\/p>\n\n<p>Roma, 18 de marzo de 2026 \u2013 El General de Escuadra A\u00e9rea Antonio Conserva, Jefe del Estado Mayor de la Aeron\u00e1utica Militar, ha sido nombrado Caballero Gran Cruz de M\u00e9rito por S.A.R. el Pr\u00edncipe Carlos de Borb\u00f3n de las Dos Sicilias, Duque de Castro y Gran Maestro.<br\/>El diploma fue entregado por el Gran Canciller S. E. el Pr\u00edncipe Don Francesco Ruspoli y por el Delegado de Roma y Lazio, el Conde Don Alessandro Gaetani dell\u2019Aquila d\u2019Aragona. Posteriormente, el Gran Canciller y el Delegado visitaron las salas hist\u00f3ricas del Palacio de la Aeron\u00e1utica, sede del Estado Mayor de la Aeron\u00e1utica Militar. <\/p>\n\n<p><\/p>\n\n<figure class=\"wp-block-gallery has-nested-images columns-default is-cropped wp-block-gallery-1 is-layout-flex wp-block-gallery-is-layout-flex\">\n<figure class=\"wp-block-image aligncenter size-large\"><img decoding=\"async\" data-id=\"104013\" src=\"https:\/\/constantinianorder.com\/wp-content\/uploads\/2026\/03\/DSC_0937-1024x683.jpg\" alt=\"\" class=\"wp-image-104013\"\/><\/figure>\n<\/figure>\n\n<p><\/p>\n\n<figure class=\"wp-block-image aligncenter size-large\"><img fetchpriority=\"high\" decoding=\"async\" width=\"1024\" height=\"683\" src=\"https:\/\/constantinianorder.com\/wp-content\/uploads\/2026\/03\/DSC_0944-1-1024x683.webp\" alt=\"\" class=\"wp-image-104026\" srcset=\"https:\/\/constantinianorder.com\/wp-content\/uploads\/2026\/03\/DSC_0944-1-1024x683.webp 1024w, https:\/\/constantinianorder.com\/wp-content\/uploads\/2026\/03\/DSC_0944-1-300x200.webp 300w, https:\/\/constantinianorder.com\/wp-content\/uploads\/2026\/03\/DSC_0944-1-768x512.webp 768w, https:\/\/constantinianorder.com\/wp-content\/uploads\/2026\/03\/DSC_0944-1-1536x1024.webp 1536w, https:\/\/constantinianorder.com\/wp-content\/uploads\/2026\/03\/DSC_0944-1-scaled.webp 1920w\" sizes=\"(max-width: 1024px) 100vw, 1024px\" \/><\/figure>\n\n<p><\/p>\n\n<figure class=\"wp-block-image aligncenter size-large\"><img decoding=\"async\" width=\"1024\" height=\"683\" src=\"https:\/\/constantinianorder.com\/wp-content\/uploads\/2026\/03\/DSC_0952-1-1024x683.webp\" alt=\"\" class=\"wp-image-104030\" srcset=\"https:\/\/constantinianorder.com\/wp-content\/uploads\/2026\/03\/DSC_0952-1-1024x683.webp 1024w, https:\/\/constantinianorder.com\/wp-content\/uploads\/2026\/03\/DSC_0952-1-300x200.webp 300w, https:\/\/constantinianorder.com\/wp-content\/uploads\/2026\/03\/DSC_0952-1-768x512.webp 768w, https:\/\/constantinianorder.com\/wp-content\/uploads\/2026\/03\/DSC_0952-1-1536x1024.webp 1536w, https:\/\/constantinianorder.com\/wp-content\/uploads\/2026\/03\/DSC_0952-1-scaled.webp 1920w\" sizes=\"(max-width: 1024px) 100vw, 1024px\" \/><\/figure>\n\n<p><\/p>\n\n<figure class=\"wp-block-image aligncenter size-large\"><img decoding=\"async\" width=\"1024\" height=\"761\" src=\"https:\/\/constantinianorder.com\/wp-content\/uploads\/2026\/03\/DSC_0976-1-1024x761.webp\" alt=\"\" class=\"wp-image-104034\" srcset=\"https:\/\/constantinianorder.com\/wp-content\/uploads\/2026\/03\/DSC_0976-1-1024x761.webp 1024w, https:\/\/constantinianorder.com\/wp-content\/uploads\/2026\/03\/DSC_0976-1-300x223.webp 300w, https:\/\/constantinianorder.com\/wp-content\/uploads\/2026\/03\/DSC_0976-1-768x571.webp 768w, https:\/\/constantinianorder.com\/wp-content\/uploads\/2026\/03\/DSC_0976-1-1536x1142.webp 1536w, https:\/\/constantinianorder.com\/wp-content\/uploads\/2026\/03\/DSC_0976-1-scaled.webp 1920w\" sizes=\"(max-width: 1024px) 100vw, 1024px\" \/><\/figure>\n","protected":false},"excerpt":{"rendered":"<p>Roma, 18 de marzo de 2026 \u2013 El General de Escuadra A\u00e9rea Antonio Conserva, Jefe del Estado Mayor de la Aeron\u00e1utica Militar, ha sido nombrado Caballero Gran Cruz de M\u00e9rito por S.A.R. el Pr\u00edncipe Carlos de Borb\u00f3n de las Dos Sicilias, Duque de Castro y Gran Maestro.El diploma fue entregado por el Gran Canciller S. [&hellip;]<\/p>\n","protected":false},"author":10,"featured_media":0,"comment_status":"closed","ping_status":"closed","sticky":false,"template":"","format":"standard","meta":{"footnotes":""},"categories":[81],"tags":[],"class_list":["post-105083","post","type-post","status-publish","format-standard","hentry","category-comunicados-del-gran-magisterio"],"yoast_head":"<!-- This site is optimized with the Yoast SEO plugin v26.5 - https:\/\/yoast.com\/wordpress\/plugins\/seo\/ -->\n<title>Nombramiento como Caballero del Jefe del Estado Mayor de la Aeron\u00e1utica Militar - Sacro Militare Ordine Costantiniano di San Giorgio<\/title>\n<meta name=\"robots\" content=\"index, follow, max-snippet:-1, max-image-preview:large, max-video-preview:-1\" \/>\n<link rel=\"canonical\" href=\"https:\/\/constantinianorder.com\/es\/nombramiento-como-caballero-del-jefe-del-estado-mayor-de-la-aeronautica-militar\/\" \/>\n<meta property=\"og:locale\" content=\"es_ES\" \/>\n<meta property=\"og:type\" content=\"article\" \/>\n<meta property=\"og:title\" content=\"Nombramiento como Caballero del Jefe del Estado Mayor de la Aeron\u00e1utica Militar - Sacro Militare Ordine Costantiniano di San Giorgio\" \/>\n<meta property=\"og:description\" content=\"Roma, 18 de marzo de 2026 \u2013 El General de Escuadra A\u00e9rea Antonio Conserva, Jefe del Estado Mayor de la Aeron\u00e1utica Militar, ha sido nombrado Caballero Gran Cruz de M\u00e9rito por S.A.R. el Pr\u00edncipe Carlos de Borb\u00f3n de las Dos Sicilias, Duque de Castro y Gran Maestro.El diploma fue entregado por el Gran Canciller S. [&hellip;]\" \/>\n<meta property=\"og:url\" content=\"https:\/\/constantinianorder.com\/es\/nombramiento-como-caballero-del-jefe-del-estado-mayor-de-la-aeronautica-militar\/\" \/>\n<meta property=\"og:site_name\" content=\"Sacro Militare Ordine Costantiniano di San Giorgio\" \/>\n<meta property=\"article:publisher\" content=\"https:\/\/www.facebook.com\/constantinianorder\" \/>\n<meta property=\"article:published_time\" content=\"2026-03-19T10:56:30+00:00\" \/>\n<meta property=\"article:modified_time\" content=\"2026-04-28T09:26:49+00:00\" \/>\n<meta property=\"og:image\" content=\"https:\/\/constantinianorder.com\/wp-content\/uploads\/2026\/03\/DSC_0937-scaled.webp\" \/>\n\t<meta property=\"og:image:width\" content=\"1920\" \/>\n\t<meta property=\"og:image:height\" content=\"1280\" \/>\n\t<meta property=\"og:image:type\" content=\"image\/webp\" \/>\n<meta name=\"author\" content=\"Terzo Editor Cancelleria\" \/>\n<meta name=\"twitter:card\" content=\"summary_large_image\" \/>\n<meta name=\"twitter:label1\" content=\"Escrito por\" \/>\n\t<meta name=\"twitter:data1\" content=\"Terzo Editor Cancelleria\" \/>\n\t<meta name=\"twitter:label2\" content=\"Tiempo de lectura\" \/>\n\t<meta name=\"twitter:data2\" content=\"1 minuto\" \/>\n<script type=\"application\/ld+json\" class=\"yoast-schema-graph\">{\"@context\":\"https:\/\/schema.org\",\"@graph\":[{\"@type\":\"Article\",\"@id\":\"https:\/\/constantinianorder.com\/es\/nombramiento-como-caballero-del-jefe-del-estado-mayor-de-la-aeronautica-militar\/#article\",\"isPartOf\":{\"@id\":\"https:\/\/constantinianorder.com\/es\/nombramiento-como-caballero-del-jefe-del-estado-mayor-de-la-aeronautica-militar\/\"},\"author\":{\"name\":\"Terzo Editor Cancelleria\",\"@id\":\"https:\/\/constantinianorder.com\/#\/schema\/person\/5fb5b3aeaa71cb4acb8c3009756c9bd1\"},\"headline\":\"Nombramiento como Caballero del Jefe del Estado Mayor de la Aeron\u00e1utica Militar\",\"datePublished\":\"2026-03-19T10:56:30+00:00\",\"dateModified\":\"2026-04-28T09:26:49+00:00\",\"mainEntityOfPage\":{\"@id\":\"https:\/\/constantinianorder.com\/es\/nombramiento-como-caballero-del-jefe-del-estado-mayor-de-la-aeronautica-militar\/\"},\"wordCount\":124,\"publisher\":{\"@id\":\"https:\/\/constantinianorder.com\/#organization\"},\"image\":{\"@id\":\"https:\/\/constantinianorder.com\/es\/nombramiento-como-caballero-del-jefe-del-estado-mayor-de-la-aeronautica-militar\/#primaryimage\"},\"thumbnailUrl\":\"https:\/\/constantinianorder.com\/wp-content\/uploads\/2026\/03\/DSC_0937-1024x683.jpg\",\"articleSection\":[\"Comunicados del Gran Magisterio\"],\"inLanguage\":\"es\"},{\"@type\":\"WebPage\",\"@id\":\"https:\/\/constantinianorder.com\/es\/nombramiento-como-caballero-del-jefe-del-estado-mayor-de-la-aeronautica-militar\/\",\"url\":\"https:\/\/constantinianorder.com\/es\/nombramiento-como-caballero-del-jefe-del-estado-mayor-de-la-aeronautica-militar\/\",\"name\":\"Nombramiento como Caballero del Jefe del Estado Mayor de la Aeron\u00e1utica Militar - Sacro Militare Ordine Costantiniano di San Giorgio\",\"isPartOf\":{\"@id\":\"https:\/\/constantinianorder.com\/#website\"},\"primaryImageOfPage\":{\"@id\":\"https:\/\/constantinianorder.com\/es\/nombramiento-como-caballero-del-jefe-del-estado-mayor-de-la-aeronautica-militar\/#primaryimage\"},\"image\":{\"@id\":\"https:\/\/constantinianorder.com\/es\/nombramiento-como-caballero-del-jefe-del-estado-mayor-de-la-aeronautica-militar\/#primaryimage\"},\"thumbnailUrl\":\"https:\/\/constantinianorder.com\/wp-content\/uploads\/2026\/03\/DSC_0937-1024x683.jpg\",\"datePublished\":\"2026-03-19T10:56:30+00:00\",\"dateModified\":\"2026-04-28T09:26:49+00:00\",\"breadcrumb\":{\"@id\":\"https:\/\/constantinianorder.com\/es\/nombramiento-como-caballero-del-jefe-del-estado-mayor-de-la-aeronautica-militar\/#breadcrumb\"},\"inLanguage\":\"es\",\"potentialAction\":[{\"@type\":\"ReadAction\",\"target\":[\"https:\/\/constantinianorder.com\/es\/nombramiento-como-caballero-del-jefe-del-estado-mayor-de-la-aeronautica-militar\/\"]}]},{\"@type\":\"ImageObject\",\"inLanguage\":\"es\",\"@id\":\"https:\/\/constantinianorder.com\/es\/nombramiento-como-caballero-del-jefe-del-estado-mayor-de-la-aeronautica-militar\/#primaryimage\",\"url\":\"https:\/\/constantinianorder.com\/wp-content\/uploads\/2026\/03\/DSC_0937-1024x683.jpg\",\"contentUrl\":\"https:\/\/constantinianorder.com\/wp-content\/uploads\/2026\/03\/DSC_0937-1024x683.jpg\"},{\"@type\":\"BreadcrumbList\",\"@id\":\"https:\/\/constantinianorder.com\/es\/nombramiento-como-caballero-del-jefe-del-estado-mayor-de-la-aeronautica-militar\/#breadcrumb\",\"itemListElement\":[{\"@type\":\"ListItem\",\"position\":1,\"name\":\"Home\",\"item\":\"https:\/\/constantinianorder.com\/en\/\"},{\"@type\":\"ListItem\",\"position\":2,\"name\":\"Nombramiento como Caballero del Jefe del Estado Mayor de la Aeron\u00e1utica Militar\"}]},{\"@type\":\"WebSite\",\"@id\":\"https:\/\/constantinianorder.com\/#website\",\"url\":\"https:\/\/constantinianorder.com\/\",\"name\":\"Sacro Militare Ordine Costantiniano di San Giorgio\",\"description\":\"Ordine Ufficiale\",\"publisher\":{\"@id\":\"https:\/\/constantinianorder.com\/#organization\"},\"potentialAction\":[{\"@type\":\"SearchAction\",\"target\":{\"@type\":\"EntryPoint\",\"urlTemplate\":\"https:\/\/constantinianorder.com\/?s={search_term_string}\"},\"query-input\":{\"@type\":\"PropertyValueSpecification\",\"valueRequired\":true,\"valueName\":\"search_term_string\"}}],\"inLanguage\":\"es\"},{\"@type\":\"Organization\",\"@id\":\"https:\/\/constantinianorder.com\/#organization\",\"name\":\"Sacro Militare Ordine Costantiniano di San Giorgio\",\"url\":\"https:\/\/constantinianorder.com\/\",\"logo\":{\"@type\":\"ImageObject\",\"inLanguage\":\"es\",\"@id\":\"https:\/\/constantinianorder.com\/#\/schema\/logo\/image\/\",\"url\":\"https:\/\/constantinianorder.com\/wp-content\/uploads\/2025\/10\/cropped-logo-costantiniano.png\",\"contentUrl\":\"https:\/\/constantinianorder.com\/wp-content\/uploads\/2025\/10\/cropped-logo-costantiniano.png\",\"width\":512,\"height\":512,\"caption\":\"Sacro Militare Ordine Costantiniano di San Giorgio\"},\"image\":{\"@id\":\"https:\/\/constantinianorder.com\/#\/schema\/logo\/image\/\"},\"sameAs\":[\"https:\/\/www.facebook.com\/constantinianorder\",\"https:\/\/www.instagram.com\/constantinianorder\/\",\"https:\/\/www.youtube.com\/@granmagisterodelsacromilit9375\"]},{\"@type\":\"Person\",\"@id\":\"https:\/\/constantinianorder.com\/#\/schema\/person\/5fb5b3aeaa71cb4acb8c3009756c9bd1\",\"name\":\"Terzo Editor Cancelleria\",\"url\":\"https:\/\/constantinianorder.com\/es\/author\/cancelleria3\/\"}]}<\/script>\n<!-- \/ Yoast SEO plugin. -->","yoast_head_json":{"title":"Nombramiento como Caballero del Jefe del Estado Mayor de la Aeron\u00e1utica Militar - Sacro Militare Ordine Costantiniano di San Giorgio","robots":{"index":"index","follow":"follow","max-snippet":"max-snippet:-1","max-image-preview":"max-image-preview:large","max-video-preview":"max-video-preview:-1"},"canonical":"https:\/\/constantinianorder.com\/es\/nombramiento-como-caballero-del-jefe-del-estado-mayor-de-la-aeronautica-militar\/","og_locale":"es_ES","og_type":"article","og_title":"Nombramiento como Caballero del Jefe del Estado Mayor de la Aeron\u00e1utica Militar - Sacro Militare Ordine Costantiniano di San Giorgio","og_description":"Roma, 18 de marzo de 2026 \u2013 El General de Escuadra A\u00e9rea Antonio Conserva, Jefe del Estado Mayor de la Aeron\u00e1utica Militar, ha sido nombrado Caballero Gran Cruz de M\u00e9rito por S.A.R. el Pr\u00edncipe Carlos de Borb\u00f3n de las Dos Sicilias, Duque de Castro y Gran Maestro.El diploma fue entregado por el Gran Canciller S. [&hellip;]","og_url":"https:\/\/constantinianorder.com\/es\/nombramiento-como-caballero-del-jefe-del-estado-mayor-de-la-aeronautica-militar\/","og_site_name":"Sacro Militare Ordine Costantiniano di San Giorgio","article_publisher":"https:\/\/www.facebook.com\/constantinianorder","article_published_time":"2026-03-19T10:56:30+00:00","article_modified_time":"2026-04-28T09:26:49+00:00","og_image":[{"width":1920,"height":1280,"url":"https:\/\/constantinianorder.com\/wp-content\/uploads\/2026\/03\/DSC_0937-scaled.webp","type":"image\/webp"}],"author":"Terzo Editor Cancelleria","twitter_card":"summary_large_image","twitter_misc":{"Escrito por":"Terzo Editor Cancelleria","Tiempo de lectura":"1 minuto"},"schema":{"@context":"https:\/\/schema.org","@graph":[{"@type":"Article","@id":"https:\/\/constantinianorder.com\/es\/nombramiento-como-caballero-del-jefe-del-estado-mayor-de-la-aeronautica-militar\/#article","isPartOf":{"@id":"https:\/\/constantinianorder.com\/es\/nombramiento-como-caballero-del-jefe-del-estado-mayor-de-la-aeronautica-militar\/"},"author":{"name":"Terzo Editor Cancelleria","@id":"https:\/\/constantinianorder.com\/#\/schema\/person\/5fb5b3aeaa71cb4acb8c3009756c9bd1"},"headline":"Nombramiento como Caballero del Jefe del Estado Mayor de la Aeron\u00e1utica Militar","datePublished":"2026-03-19T10:56:30+00:00","dateModified":"2026-04-28T09:26:49+00:00","mainEntityOfPage":{"@id":"https:\/\/constantinianorder.com\/es\/nombramiento-como-caballero-del-jefe-del-estado-mayor-de-la-aeronautica-militar\/"},"wordCount":124,"publisher":{"@id":"https:\/\/constantinianorder.com\/#organization"},"image":{"@id":"https:\/\/constantinianorder.com\/es\/nombramiento-como-caballero-del-jefe-del-estado-mayor-de-la-aeronautica-militar\/#primaryimage"},"thumbnailUrl":"https:\/\/constantinianorder.com\/wp-content\/uploads\/2026\/03\/DSC_0937-1024x683.jpg","articleSection":["Comunicados del Gran Magisterio"],"inLanguage":"es"},{"@type":"WebPage","@id":"https:\/\/constantinianorder.com\/es\/nombramiento-como-caballero-del-jefe-del-estado-mayor-de-la-aeronautica-militar\/","url":"https:\/\/constantinianorder.com\/es\/nombramiento-como-caballero-del-jefe-del-estado-mayor-de-la-aeronautica-militar\/","name":"Nombramiento como Caballero del Jefe del Estado Mayor de la Aeron\u00e1utica Militar - Sacro Militare Ordine Costantiniano di San Giorgio","isPartOf":{"@id":"https:\/\/constantinianorder.com\/#website"},"primaryImageOfPage":{"@id":"https:\/\/constantinianorder.com\/es\/nombramiento-como-caballero-del-jefe-del-estado-mayor-de-la-aeronautica-militar\/#primaryimage"},"image":{"@id":"https:\/\/constantinianorder.com\/es\/nombramiento-como-caballero-del-jefe-del-estado-mayor-de-la-aeronautica-militar\/#primaryimage"},"thumbnailUrl":"https:\/\/constantinianorder.com\/wp-content\/uploads\/2026\/03\/DSC_0937-1024x683.jpg","datePublished":"2026-03-19T10:56:30+00:00","dateModified":"2026-04-28T09:26:49+00:00","breadcrumb":{"@id":"https:\/\/constantinianorder.com\/es\/nombramiento-como-caballero-del-jefe-del-estado-mayor-de-la-aeronautica-militar\/#breadcrumb"},"inLanguage":"es","potentialAction":[{"@type":"ReadAction","target":["https:\/\/constantinianorder.com\/es\/nombramiento-como-caballero-del-jefe-del-estado-mayor-de-la-aeronautica-militar\/"]}]},{"@type":"ImageObject","inLanguage":"es","@id":"https:\/\/constantinianorder.com\/es\/nombramiento-como-caballero-del-jefe-del-estado-mayor-de-la-aeronautica-militar\/#primaryimage","url":"https:\/\/constantinianorder.com\/wp-content\/uploads\/2026\/03\/DSC_0937-1024x683.jpg","contentUrl":"https:\/\/constantinianorder.com\/wp-content\/uploads\/2026\/03\/DSC_0937-1024x683.jpg"},{"@type":"BreadcrumbList","@id":"https:\/\/constantinianorder.com\/es\/nombramiento-como-caballero-del-jefe-del-estado-mayor-de-la-aeronautica-militar\/#breadcrumb","itemListElement":[{"@type":"ListItem","position":1,"name":"Home","item":"https:\/\/constantinianorder.com\/en\/"},{"@type":"ListItem","position":2,"name":"Nombramiento como Caballero del Jefe del Estado Mayor de la Aeron\u00e1utica Militar"}]},{"@type":"WebSite","@id":"https:\/\/constantinianorder.com\/#website","url":"https:\/\/constantinianorder.com\/","name":"Sacro Militare Ordine Costantiniano di San Giorgio","description":"Ordine Ufficiale","publisher":{"@id":"https:\/\/constantinianorder.com\/#organization"},"potentialAction":[{"@type":"SearchAction","target":{"@type":"EntryPoint","urlTemplate":"https:\/\/constantinianorder.com\/?s={search_term_string}"},"query-input":{"@type":"PropertyValueSpecification","valueRequired":true,"valueName":"search_term_string"}}],"inLanguage":"es"},{"@type":"Organization","@id":"https:\/\/constantinianorder.com\/#organization","name":"Sacro Militare Ordine Costantiniano di San Giorgio","url":"https:\/\/constantinianorder.com\/","logo":{"@type":"ImageObject","inLanguage":"es","@id":"https:\/\/constantinianorder.com\/#\/schema\/logo\/image\/","url":"https:\/\/constantinianorder.com\/wp-content\/uploads\/2025\/10\/cropped-logo-costantiniano.png","contentUrl":"https:\/\/constantinianorder.com\/wp-content\/uploads\/2025\/10\/cropped-logo-costantiniano.png","width":512,"height":512,"caption":"Sacro Militare Ordine Costantiniano di San Giorgio"},"image":{"@id":"https:\/\/constantinianorder.com\/#\/schema\/logo\/image\/"},"sameAs":["https:\/\/www.facebook.com\/constantinianorder","https:\/\/www.instagram.com\/constantinianorder\/","https:\/\/www.youtube.com\/@granmagisterodelsacromilit9375"]},{"@type":"Person","@id":"https:\/\/constantinianorder.com\/#\/schema\/person\/5fb5b3aeaa71cb4acb8c3009756c9bd1","name":"Terzo Editor Cancelleria","url":"https:\/\/constantinianorder.com\/es\/author\/cancelleria3\/"}]}},"_links":{"self":[{"href":"https:\/\/constantinianorder.com\/es\/wp-json\/wp\/v2\/posts\/105083","targetHints":{"allow":["GET"]}}],"collection":[{"href":"https:\/\/constantinianorder.com\/es\/wp-json\/wp\/v2\/posts"}],"about":[{"href":"https:\/\/constantinianorder.com\/es\/wp-json\/wp\/v2\/types\/post"}],"author":[{"embeddable":true,"href":"https:\/\/constantinianorder.com\/es\/wp-json\/wp\/v2\/users\/10"}],"replies":[{"embeddable":true,"href":"https:\/\/constantinianorder.com\/es\/wp-json\/wp\/v2\/comments?post=105083"}],"version-history":[{"count":1,"href":"https:\/\/constantinianorder.com\/es\/wp-json\/wp\/v2\/posts\/105083\/revisions"}],"predecessor-version":[{"id":105084,"href":"https:\/\/constantinianorder.com\/es\/wp-json\/wp\/v2\/posts\/105083\/revisions\/105084"}],"wp:attachment":[{"href":"https:\/\/constantinianorder.com\/es\/wp-json\/wp\/v2\/media?parent=105083"}],"wp:term":[{"taxonomy":"category","embeddable":true,"href":"https:\/\/constantinianorder.com\/es\/wp-json\/wp\/v2\/categories?post=105083"},{"taxonomy":"post_tag","embeddable":true,"href":"https:\/\/constantinianorder.com\/es\/wp-json\/wp\/v2\/tags?post=105083"}],"curies":[{"name":"wp","href":"https:\/\/api.w.org\/{rel}","templated":true}]}}