{"id":105079,"date":"2026-04-27T15:24:43","date_gmt":"2026-04-27T15:24:43","guid":{"rendered":"https:\/\/constantinianorder.com\/luxemburgo-misa-en-honor-de-san-jorge\/"},"modified":"2026-04-28T08:58:37","modified_gmt":"2026-04-28T08:58:37","slug":"luxemburgo-misa-en-honor-de-san-jorge","status":"publish","type":"post","link":"https:\/\/constantinianorder.com\/es\/luxemburgo-misa-en-honor-de-san-jorge\/","title":{"rendered":"Luxemburgo: Misa en honor de San Jorge"},"content":{"rendered":"\n<p><\/p>\n\n<p>Ciudad de Luxemburgo, 23 de abril de 2026 \u2013 En el sugestivo marco de la iglesia de San Juan en el Grund, se celebr\u00f3 la Misa Oficial de la Delegaci\u00f3n de Luxemburgo de la Sagrada Orden Militar Constantiniana de San Jorge en honor de su santo patr\u00f3n. La solemne celebraci\u00f3n fue oficiada por el Prior de la Delegaci\u00f3n, el Padre Alberto Fabio Ambrosio, en presencia de las Damas y Caballeros luxemburgueses.<br\/>El evento marc\u00f3 un momento hist\u00f3rico para la comunidad de la Orden en el Gran Ducado, marcando el inicio formal de las actividades espirituales y caritativas de la Delegaci\u00f3n en el coraz\u00f3n de la ciudad de Luxemburgo.  <\/p>\n\n<p><\/p>\n\n<figure class=\"wp-block-image aligncenter size-large\"><img decoding=\"async\" src=\"https:\/\/constantinianorder.com\/wp-content\/uploads\/2026\/04\/Messa-san-giorgio-768x1024.jpeg\" alt=\"\" class=\"wp-image-105035\"\/><\/figure>\n\n<p><\/p>\n\n<figure class=\"wp-block-image aligncenter size-large\"><img decoding=\"async\" src=\"https:\/\/constantinianorder.com\/wp-content\/uploads\/2026\/04\/Messa-san-giorgio-2-768x1024.jpeg\" alt=\"\" class=\"wp-image-105039\"\/><\/figure>\n\n<p><\/p>\n\n<figure class=\"wp-block-image aligncenter size-large\"><img decoding=\"async\" src=\"https:\/\/constantinianorder.com\/wp-content\/uploads\/2026\/04\/Messa-san-giorgio-3-768x1024.jpeg\" alt=\"\" class=\"wp-image-105043\"\/><\/figure>\n\n<p><\/p>\n\n<figure class=\"wp-block-image aligncenter size-large\"><img fetchpriority=\"high\" decoding=\"async\" width=\"768\" height=\"1024\" src=\"https:\/\/constantinianorder.com\/wp-content\/uploads\/2026\/04\/Messa-san-giorgio-4-768x1024.jpeg\" alt=\"\" class=\"wp-image-105047\" srcset=\"https:\/\/constantinianorder.com\/wp-content\/uploads\/2026\/04\/Messa-san-giorgio-4-768x1024.jpeg 768w, https:\/\/constantinianorder.com\/wp-content\/uploads\/2026\/04\/Messa-san-giorgio-4-225x300.jpeg 225w, https:\/\/constantinianorder.com\/wp-content\/uploads\/2026\/04\/Messa-san-giorgio-4-1152x1536.jpeg 1152w, https:\/\/constantinianorder.com\/wp-content\/uploads\/2026\/04\/Messa-san-giorgio-4.webp 1200w\" sizes=\"(max-width: 768px) 100vw, 768px\" \/><\/figure>\n","protected":false},"excerpt":{"rendered":"<p>Ciudad de Luxemburgo, 23 de abril de 2026 \u2013 En el sugestivo marco de la iglesia de San Juan en el Grund, se celebr\u00f3 la Misa Oficial de la Delegaci\u00f3n de Luxemburgo de la Sagrada Orden Militar Constantiniana de San Jorge en honor de su santo patr\u00f3n. La solemne celebraci\u00f3n fue oficiada por el Prior [&hellip;]<\/p>\n","protected":false},"author":10,"featured_media":0,"comment_status":"closed","ping_status":"closed","sticky":false,"template":"","format":"standard","meta":{"footnotes":""},"categories":[203],"tags":[],"class_list":["post-105079","post","type-post","status-publish","format-standard","hentry","category-delegacion-de-luxemburgo"],"yoast_head":"<!-- This site is optimized with the Yoast SEO plugin v26.5 - https:\/\/yoast.com\/wordpress\/plugins\/seo\/ -->\n<title>Luxemburgo: Misa en honor de San Jorge - Sacro Militare Ordine Costantiniano di San Giorgio<\/title>\n<meta name=\"robots\" content=\"index, follow, max-snippet:-1, max-image-preview:large, max-video-preview:-1\" \/>\n<link rel=\"canonical\" href=\"https:\/\/constantinianorder.com\/es\/luxemburgo-misa-en-honor-de-san-jorge\/\" \/>\n<meta property=\"og:locale\" content=\"es_ES\" \/>\n<meta property=\"og:type\" content=\"article\" \/>\n<meta property=\"og:title\" content=\"Luxemburgo: Misa en honor de San Jorge - Sacro Militare Ordine Costantiniano di San Giorgio\" \/>\n<meta property=\"og:description\" content=\"Ciudad de Luxemburgo, 23 de abril de 2026 \u2013 En el sugestivo marco de la iglesia de San Juan en el Grund, se celebr\u00f3 la Misa Oficial de la Delegaci\u00f3n de Luxemburgo de la Sagrada Orden Militar Constantiniana de San Jorge en honor de su santo patr\u00f3n. La solemne celebraci\u00f3n fue oficiada por el Prior [&hellip;]\" \/>\n<meta property=\"og:url\" content=\"https:\/\/constantinianorder.com\/es\/luxemburgo-misa-en-honor-de-san-jorge\/\" \/>\n<meta property=\"og:site_name\" content=\"Sacro Militare Ordine Costantiniano di San Giorgio\" \/>\n<meta property=\"article:publisher\" content=\"https:\/\/www.facebook.com\/constantinianorder\" \/>\n<meta property=\"article:published_time\" content=\"2026-04-27T15:24:43+00:00\" \/>\n<meta property=\"article:modified_time\" content=\"2026-04-28T08:58:37+00:00\" \/>\n<meta property=\"og:image\" content=\"https:\/\/constantinianorder.com\/wp-content\/uploads\/2026\/04\/Messa-san-giorgio.webp\" \/>\n\t<meta property=\"og:image:width\" content=\"1200\" \/>\n\t<meta property=\"og:image:height\" content=\"1600\" \/>\n\t<meta property=\"og:image:type\" content=\"image\/webp\" \/>\n<meta name=\"author\" content=\"Terzo Editor Cancelleria\" \/>\n<meta name=\"twitter:card\" content=\"summary_large_image\" \/>\n<meta name=\"twitter:label1\" content=\"Escrito por\" \/>\n\t<meta name=\"twitter:data1\" content=\"Terzo Editor Cancelleria\" \/>\n\t<meta name=\"twitter:label2\" content=\"Tiempo de lectura\" \/>\n\t<meta name=\"twitter:data2\" content=\"1 minuto\" \/>\n<script type=\"application\/ld+json\" class=\"yoast-schema-graph\">{\"@context\":\"https:\/\/schema.org\",\"@graph\":[{\"@type\":\"Article\",\"@id\":\"https:\/\/constantinianorder.com\/es\/luxemburgo-misa-en-honor-de-san-jorge\/#article\",\"isPartOf\":{\"@id\":\"https:\/\/constantinianorder.com\/es\/luxemburgo-misa-en-honor-de-san-jorge\/\"},\"author\":{\"name\":\"Terzo Editor Cancelleria\",\"@id\":\"https:\/\/constantinianorder.com\/#\/schema\/person\/5fb5b3aeaa71cb4acb8c3009756c9bd1\"},\"headline\":\"Luxemburgo: Misa en honor de San Jorge\",\"datePublished\":\"2026-04-27T15:24:43+00:00\",\"dateModified\":\"2026-04-28T08:58:37+00:00\",\"mainEntityOfPage\":{\"@id\":\"https:\/\/constantinianorder.com\/es\/luxemburgo-misa-en-honor-de-san-jorge\/\"},\"wordCount\":119,\"publisher\":{\"@id\":\"https:\/\/constantinianorder.com\/#organization\"},\"image\":{\"@id\":\"https:\/\/constantinianorder.com\/es\/luxemburgo-misa-en-honor-de-san-jorge\/#primaryimage\"},\"thumbnailUrl\":\"https:\/\/constantinianorder.com\/wp-content\/uploads\/2026\/04\/Messa-san-giorgio-768x1024.jpeg\",\"articleSection\":[\"Delegaci\u00f3n de Luxemburgo\"],\"inLanguage\":\"es\"},{\"@type\":\"WebPage\",\"@id\":\"https:\/\/constantinianorder.com\/es\/luxemburgo-misa-en-honor-de-san-jorge\/\",\"url\":\"https:\/\/constantinianorder.com\/es\/luxemburgo-misa-en-honor-de-san-jorge\/\",\"name\":\"Luxemburgo: Misa en honor de San Jorge - Sacro Militare Ordine Costantiniano di San Giorgio\",\"isPartOf\":{\"@id\":\"https:\/\/constantinianorder.com\/#website\"},\"primaryImageOfPage\":{\"@id\":\"https:\/\/constantinianorder.com\/es\/luxemburgo-misa-en-honor-de-san-jorge\/#primaryimage\"},\"image\":{\"@id\":\"https:\/\/constantinianorder.com\/es\/luxemburgo-misa-en-honor-de-san-jorge\/#primaryimage\"},\"thumbnailUrl\":\"https:\/\/constantinianorder.com\/wp-content\/uploads\/2026\/04\/Messa-san-giorgio-768x1024.jpeg\",\"datePublished\":\"2026-04-27T15:24:43+00:00\",\"dateModified\":\"2026-04-28T08:58:37+00:00\",\"breadcrumb\":{\"@id\":\"https:\/\/constantinianorder.com\/es\/luxemburgo-misa-en-honor-de-san-jorge\/#breadcrumb\"},\"inLanguage\":\"es\",\"potentialAction\":[{\"@type\":\"ReadAction\",\"target\":[\"https:\/\/constantinianorder.com\/es\/luxemburgo-misa-en-honor-de-san-jorge\/\"]}]},{\"@type\":\"ImageObject\",\"inLanguage\":\"es\",\"@id\":\"https:\/\/constantinianorder.com\/es\/luxemburgo-misa-en-honor-de-san-jorge\/#primaryimage\",\"url\":\"https:\/\/constantinianorder.com\/wp-content\/uploads\/2026\/04\/Messa-san-giorgio-768x1024.jpeg\",\"contentUrl\":\"https:\/\/constantinianorder.com\/wp-content\/uploads\/2026\/04\/Messa-san-giorgio-768x1024.jpeg\"},{\"@type\":\"BreadcrumbList\",\"@id\":\"https:\/\/constantinianorder.com\/es\/luxemburgo-misa-en-honor-de-san-jorge\/#breadcrumb\",\"itemListElement\":[{\"@type\":\"ListItem\",\"position\":1,\"name\":\"Home\",\"item\":\"https:\/\/constantinianorder.com\/en\/\"},{\"@type\":\"ListItem\",\"position\":2,\"name\":\"Luxemburgo: Misa en honor de San Jorge\"}]},{\"@type\":\"WebSite\",\"@id\":\"https:\/\/constantinianorder.com\/#website\",\"url\":\"https:\/\/constantinianorder.com\/\",\"name\":\"Sacro Militare Ordine Costantiniano di San Giorgio\",\"description\":\"Ordine Ufficiale\",\"publisher\":{\"@id\":\"https:\/\/constantinianorder.com\/#organization\"},\"potentialAction\":[{\"@type\":\"SearchAction\",\"target\":{\"@type\":\"EntryPoint\",\"urlTemplate\":\"https:\/\/constantinianorder.com\/?s={search_term_string}\"},\"query-input\":{\"@type\":\"PropertyValueSpecification\",\"valueRequired\":true,\"valueName\":\"search_term_string\"}}],\"inLanguage\":\"es\"},{\"@type\":\"Organization\",\"@id\":\"https:\/\/constantinianorder.com\/#organization\",\"name\":\"Sacro Militare Ordine Costantiniano di San Giorgio\",\"url\":\"https:\/\/constantinianorder.com\/\",\"logo\":{\"@type\":\"ImageObject\",\"inLanguage\":\"es\",\"@id\":\"https:\/\/constantinianorder.com\/#\/schema\/logo\/image\/\",\"url\":\"https:\/\/constantinianorder.com\/wp-content\/uploads\/2025\/10\/cropped-logo-costantiniano.png\",\"contentUrl\":\"https:\/\/constantinianorder.com\/wp-content\/uploads\/2025\/10\/cropped-logo-costantiniano.png\",\"width\":512,\"height\":512,\"caption\":\"Sacro Militare Ordine Costantiniano di San Giorgio\"},\"image\":{\"@id\":\"https:\/\/constantinianorder.com\/#\/schema\/logo\/image\/\"},\"sameAs\":[\"https:\/\/www.facebook.com\/constantinianorder\",\"https:\/\/www.instagram.com\/constantinianorder\/\",\"https:\/\/www.youtube.com\/@granmagisterodelsacromilit9375\"]},{\"@type\":\"Person\",\"@id\":\"https:\/\/constantinianorder.com\/#\/schema\/person\/5fb5b3aeaa71cb4acb8c3009756c9bd1\",\"name\":\"Terzo Editor Cancelleria\",\"url\":\"https:\/\/constantinianorder.com\/es\/author\/cancelleria3\/\"}]}<\/script>\n<!-- \/ Yoast SEO plugin. -->","yoast_head_json":{"title":"Luxemburgo: Misa en honor de San Jorge - Sacro Militare Ordine Costantiniano di San Giorgio","robots":{"index":"index","follow":"follow","max-snippet":"max-snippet:-1","max-image-preview":"max-image-preview:large","max-video-preview":"max-video-preview:-1"},"canonical":"https:\/\/constantinianorder.com\/es\/luxemburgo-misa-en-honor-de-san-jorge\/","og_locale":"es_ES","og_type":"article","og_title":"Luxemburgo: Misa en honor de San Jorge - Sacro Militare Ordine Costantiniano di San Giorgio","og_description":"Ciudad de Luxemburgo, 23 de abril de 2026 \u2013 En el sugestivo marco de la iglesia de San Juan en el Grund, se celebr\u00f3 la Misa Oficial de la Delegaci\u00f3n de Luxemburgo de la Sagrada Orden Militar Constantiniana de San Jorge en honor de su santo patr\u00f3n. La solemne celebraci\u00f3n fue oficiada por el Prior [&hellip;]","og_url":"https:\/\/constantinianorder.com\/es\/luxemburgo-misa-en-honor-de-san-jorge\/","og_site_name":"Sacro Militare Ordine Costantiniano di San Giorgio","article_publisher":"https:\/\/www.facebook.com\/constantinianorder","article_published_time":"2026-04-27T15:24:43+00:00","article_modified_time":"2026-04-28T08:58:37+00:00","og_image":[{"width":1200,"height":1600,"url":"https:\/\/constantinianorder.com\/wp-content\/uploads\/2026\/04\/Messa-san-giorgio.webp","type":"image\/webp"}],"author":"Terzo Editor Cancelleria","twitter_card":"summary_large_image","twitter_misc":{"Escrito por":"Terzo Editor Cancelleria","Tiempo de lectura":"1 minuto"},"schema":{"@context":"https:\/\/schema.org","@graph":[{"@type":"Article","@id":"https:\/\/constantinianorder.com\/es\/luxemburgo-misa-en-honor-de-san-jorge\/#article","isPartOf":{"@id":"https:\/\/constantinianorder.com\/es\/luxemburgo-misa-en-honor-de-san-jorge\/"},"author":{"name":"Terzo Editor Cancelleria","@id":"https:\/\/constantinianorder.com\/#\/schema\/person\/5fb5b3aeaa71cb4acb8c3009756c9bd1"},"headline":"Luxemburgo: Misa en honor de San Jorge","datePublished":"2026-04-27T15:24:43+00:00","dateModified":"2026-04-28T08:58:37+00:00","mainEntityOfPage":{"@id":"https:\/\/constantinianorder.com\/es\/luxemburgo-misa-en-honor-de-san-jorge\/"},"wordCount":119,"publisher":{"@id":"https:\/\/constantinianorder.com\/#organization"},"image":{"@id":"https:\/\/constantinianorder.com\/es\/luxemburgo-misa-en-honor-de-san-jorge\/#primaryimage"},"thumbnailUrl":"https:\/\/constantinianorder.com\/wp-content\/uploads\/2026\/04\/Messa-san-giorgio-768x1024.jpeg","articleSection":["Delegaci\u00f3n de Luxemburgo"],"inLanguage":"es"},{"@type":"WebPage","@id":"https:\/\/constantinianorder.com\/es\/luxemburgo-misa-en-honor-de-san-jorge\/","url":"https:\/\/constantinianorder.com\/es\/luxemburgo-misa-en-honor-de-san-jorge\/","name":"Luxemburgo: Misa en honor de San Jorge - Sacro Militare Ordine Costantiniano di San Giorgio","isPartOf":{"@id":"https:\/\/constantinianorder.com\/#website"},"primaryImageOfPage":{"@id":"https:\/\/constantinianorder.com\/es\/luxemburgo-misa-en-honor-de-san-jorge\/#primaryimage"},"image":{"@id":"https:\/\/constantinianorder.com\/es\/luxemburgo-misa-en-honor-de-san-jorge\/#primaryimage"},"thumbnailUrl":"https:\/\/constantinianorder.com\/wp-content\/uploads\/2026\/04\/Messa-san-giorgio-768x1024.jpeg","datePublished":"2026-04-27T15:24:43+00:00","dateModified":"2026-04-28T08:58:37+00:00","breadcrumb":{"@id":"https:\/\/constantinianorder.com\/es\/luxemburgo-misa-en-honor-de-san-jorge\/#breadcrumb"},"inLanguage":"es","potentialAction":[{"@type":"ReadAction","target":["https:\/\/constantinianorder.com\/es\/luxemburgo-misa-en-honor-de-san-jorge\/"]}]},{"@type":"ImageObject","inLanguage":"es","@id":"https:\/\/constantinianorder.com\/es\/luxemburgo-misa-en-honor-de-san-jorge\/#primaryimage","url":"https:\/\/constantinianorder.com\/wp-content\/uploads\/2026\/04\/Messa-san-giorgio-768x1024.jpeg","contentUrl":"https:\/\/constantinianorder.com\/wp-content\/uploads\/2026\/04\/Messa-san-giorgio-768x1024.jpeg"},{"@type":"BreadcrumbList","@id":"https:\/\/constantinianorder.com\/es\/luxemburgo-misa-en-honor-de-san-jorge\/#breadcrumb","itemListElement":[{"@type":"ListItem","position":1,"name":"Home","item":"https:\/\/constantinianorder.com\/en\/"},{"@type":"ListItem","position":2,"name":"Luxemburgo: Misa en honor de San Jorge"}]},{"@type":"WebSite","@id":"https:\/\/constantinianorder.com\/#website","url":"https:\/\/constantinianorder.com\/","name":"Sacro Militare Ordine Costantiniano di San Giorgio","description":"Ordine Ufficiale","publisher":{"@id":"https:\/\/constantinianorder.com\/#organization"},"potentialAction":[{"@type":"SearchAction","target":{"@type":"EntryPoint","urlTemplate":"https:\/\/constantinianorder.com\/?s={search_term_string}"},"query-input":{"@type":"PropertyValueSpecification","valueRequired":true,"valueName":"search_term_string"}}],"inLanguage":"es"},{"@type":"Organization","@id":"https:\/\/constantinianorder.com\/#organization","name":"Sacro Militare Ordine Costantiniano di San Giorgio","url":"https:\/\/constantinianorder.com\/","logo":{"@type":"ImageObject","inLanguage":"es","@id":"https:\/\/constantinianorder.com\/#\/schema\/logo\/image\/","url":"https:\/\/constantinianorder.com\/wp-content\/uploads\/2025\/10\/cropped-logo-costantiniano.png","contentUrl":"https:\/\/constantinianorder.com\/wp-content\/uploads\/2025\/10\/cropped-logo-costantiniano.png","width":512,"height":512,"caption":"Sacro Militare Ordine Costantiniano di San Giorgio"},"image":{"@id":"https:\/\/constantinianorder.com\/#\/schema\/logo\/image\/"},"sameAs":["https:\/\/www.facebook.com\/constantinianorder","https:\/\/www.instagram.com\/constantinianorder\/","https:\/\/www.youtube.com\/@granmagisterodelsacromilit9375"]},{"@type":"Person","@id":"https:\/\/constantinianorder.com\/#\/schema\/person\/5fb5b3aeaa71cb4acb8c3009756c9bd1","name":"Terzo Editor Cancelleria","url":"https:\/\/constantinianorder.com\/es\/author\/cancelleria3\/"}]}},"_links":{"self":[{"href":"https:\/\/constantinianorder.com\/es\/wp-json\/wp\/v2\/posts\/105079","targetHints":{"allow":["GET"]}}],"collection":[{"href":"https:\/\/constantinianorder.com\/es\/wp-json\/wp\/v2\/posts"}],"about":[{"href":"https:\/\/constantinianorder.com\/es\/wp-json\/wp\/v2\/types\/post"}],"author":[{"embeddable":true,"href":"https:\/\/constantinianorder.com\/es\/wp-json\/wp\/v2\/users\/10"}],"replies":[{"embeddable":true,"href":"https:\/\/constantinianorder.com\/es\/wp-json\/wp\/v2\/comments?post=105079"}],"version-history":[{"count":1,"href":"https:\/\/constantinianorder.com\/es\/wp-json\/wp\/v2\/posts\/105079\/revisions"}],"predecessor-version":[{"id":105080,"href":"https:\/\/constantinianorder.com\/es\/wp-json\/wp\/v2\/posts\/105079\/revisions\/105080"}],"wp:attachment":[{"href":"https:\/\/constantinianorder.com\/es\/wp-json\/wp\/v2\/media?parent=105079"}],"wp:term":[{"taxonomy":"category","embeddable":true,"href":"https:\/\/constantinianorder.com\/es\/wp-json\/wp\/v2\/categories?post=105079"},{"taxonomy":"post_tag","embeddable":true,"href":"https:\/\/constantinianorder.com\/es\/wp-json\/wp\/v2\/tags?post=105079"}],"curies":[{"name":"wp","href":"https:\/\/api.w.org\/{rel}","templated":true}]}}