{"id":105073,"date":"2026-04-24T10:30:44","date_gmt":"2026-04-24T10:30:44","guid":{"rendered":"https:\/\/constantinianorder.com\/agradecimiento-y-nombramiento-de-un-nuevo-delegado-para-toscana\/"},"modified":"2026-04-28T08:49:28","modified_gmt":"2026-04-28T08:49:28","slug":"agradecimiento-y-nombramiento-de-un-nuevo-delegado-para-toscana","status":"publish","type":"post","link":"https:\/\/constantinianorder.com\/es\/agradecimiento-y-nombramiento-de-un-nuevo-delegado-para-toscana\/","title":{"rendered":"Agradecimiento y nombramiento de un nuevo Delegado para Toscana"},"content":{"rendered":"\n<p><\/p>\n\n<p>Roma, 23 de abril de 2026 \u2013 S.A.R. el Pr\u00edncipe Carlos de Borb\u00f3n de las Dos Sicilias, Duque de Castro y Gran Maestro, desea expresar su m\u00e1s sincero aprecio y agradecimiento al Noble Ranieri Gastone, Conde Adorni Braccesi, por el compromiso demostrado durante estos a\u00f1os en los que ha dirigido con excelencia la Delegaci\u00f3n, tras su dimisi\u00f3n del cargo de Delegado para Toscana.<br\/><br\/>En el d\u00eda de hoy, S.A.R. el Pr\u00edncipe Carlos ha decidido nombrar como nuevo Delegado para Toscana al Conde Guido Francesco Poccianti, Noble de Livorno, <em>Caballero de Justicia<\/em>. El nuevo Delegado puede ser contactado en la siguiente direcci\u00f3n de correo electr\u00f3nico: <a href=\"mailto:delegato.toscana@ordine-costantiniano.it\">delegato.toscana@ordine-costantiniano.it<\/a> <\/p>\n","protected":false},"excerpt":{"rendered":"<p>Roma, 23 de abril de 2026 \u2013 S.A.R. el Pr\u00edncipe Carlos de Borb\u00f3n de las Dos Sicilias, Duque de Castro y Gran Maestro, desea expresar su m\u00e1s sincero aprecio y agradecimiento al Noble Ranieri Gastone, Conde Adorni Braccesi, por el compromiso demostrado durante estos a\u00f1os en los que ha dirigido con excelencia la Delegaci\u00f3n, tras [&hellip;]<\/p>\n","protected":false},"author":10,"featured_media":0,"comment_status":"closed","ping_status":"closed","sticky":false,"template":"","format":"standard","meta":{"footnotes":""},"categories":[81],"tags":[],"class_list":["post-105073","post","type-post","status-publish","format-standard","hentry","category-comunicados-del-gran-magisterio"],"yoast_head":"<!-- This site is optimized with the Yoast SEO plugin v26.5 - https:\/\/yoast.com\/wordpress\/plugins\/seo\/ -->\n<title>Agradecimiento y nombramiento de un nuevo Delegado para Toscana - Sacro Militare Ordine Costantiniano di San Giorgio<\/title>\n<meta name=\"robots\" content=\"index, follow, max-snippet:-1, max-image-preview:large, max-video-preview:-1\" \/>\n<link rel=\"canonical\" href=\"https:\/\/constantinianorder.com\/es\/agradecimiento-y-nombramiento-de-un-nuevo-delegado-para-toscana\/\" \/>\n<meta property=\"og:locale\" content=\"es_ES\" \/>\n<meta property=\"og:type\" content=\"article\" \/>\n<meta property=\"og:title\" content=\"Agradecimiento y nombramiento de un nuevo Delegado para Toscana - Sacro Militare Ordine Costantiniano di San Giorgio\" \/>\n<meta property=\"og:description\" content=\"Roma, 23 de abril de 2026 \u2013 S.A.R. el Pr\u00edncipe Carlos de Borb\u00f3n de las Dos Sicilias, Duque de Castro y Gran Maestro, desea expresar su m\u00e1s sincero aprecio y agradecimiento al Noble Ranieri Gastone, Conde Adorni Braccesi, por el compromiso demostrado durante estos a\u00f1os en los que ha dirigido con excelencia la Delegaci\u00f3n, tras [&hellip;]\" \/>\n<meta property=\"og:url\" content=\"https:\/\/constantinianorder.com\/es\/agradecimiento-y-nombramiento-de-un-nuevo-delegado-para-toscana\/\" \/>\n<meta property=\"og:site_name\" content=\"Sacro Militare Ordine Costantiniano di San Giorgio\" \/>\n<meta property=\"article:publisher\" content=\"https:\/\/www.facebook.com\/constantinianorder\" \/>\n<meta property=\"article:published_time\" content=\"2026-04-24T10:30:44+00:00\" \/>\n<meta property=\"article:modified_time\" content=\"2026-04-28T08:49:28+00:00\" \/>\n<meta name=\"author\" content=\"Terzo Editor Cancelleria\" \/>\n<meta name=\"twitter:card\" content=\"summary_large_image\" \/>\n<meta name=\"twitter:label1\" content=\"Escrito por\" \/>\n\t<meta name=\"twitter:data1\" content=\"Terzo Editor Cancelleria\" \/>\n\t<meta name=\"twitter:label2\" content=\"Tiempo de lectura\" \/>\n\t<meta name=\"twitter:data2\" content=\"1 minuto\" \/>\n<script type=\"application\/ld+json\" class=\"yoast-schema-graph\">{\"@context\":\"https:\/\/schema.org\",\"@graph\":[{\"@type\":\"Article\",\"@id\":\"https:\/\/constantinianorder.com\/es\/agradecimiento-y-nombramiento-de-un-nuevo-delegado-para-toscana\/#article\",\"isPartOf\":{\"@id\":\"https:\/\/constantinianorder.com\/es\/agradecimiento-y-nombramiento-de-un-nuevo-delegado-para-toscana\/\"},\"author\":{\"name\":\"Terzo Editor Cancelleria\",\"@id\":\"https:\/\/constantinianorder.com\/#\/schema\/person\/5fb5b3aeaa71cb4acb8c3009756c9bd1\"},\"headline\":\"Agradecimiento y nombramiento de un nuevo Delegado para Toscana\",\"datePublished\":\"2026-04-24T10:30:44+00:00\",\"dateModified\":\"2026-04-28T08:49:28+00:00\",\"mainEntityOfPage\":{\"@id\":\"https:\/\/constantinianorder.com\/es\/agradecimiento-y-nombramiento-de-un-nuevo-delegado-para-toscana\/\"},\"wordCount\":128,\"publisher\":{\"@id\":\"https:\/\/constantinianorder.com\/#organization\"},\"articleSection\":[\"Comunicados del Gran Magisterio\"],\"inLanguage\":\"es\"},{\"@type\":\"WebPage\",\"@id\":\"https:\/\/constantinianorder.com\/es\/agradecimiento-y-nombramiento-de-un-nuevo-delegado-para-toscana\/\",\"url\":\"https:\/\/constantinianorder.com\/es\/agradecimiento-y-nombramiento-de-un-nuevo-delegado-para-toscana\/\",\"name\":\"Agradecimiento y nombramiento de un nuevo Delegado para Toscana - Sacro Militare Ordine Costantiniano di San Giorgio\",\"isPartOf\":{\"@id\":\"https:\/\/constantinianorder.com\/#website\"},\"datePublished\":\"2026-04-24T10:30:44+00:00\",\"dateModified\":\"2026-04-28T08:49:28+00:00\",\"breadcrumb\":{\"@id\":\"https:\/\/constantinianorder.com\/es\/agradecimiento-y-nombramiento-de-un-nuevo-delegado-para-toscana\/#breadcrumb\"},\"inLanguage\":\"es\",\"potentialAction\":[{\"@type\":\"ReadAction\",\"target\":[\"https:\/\/constantinianorder.com\/es\/agradecimiento-y-nombramiento-de-un-nuevo-delegado-para-toscana\/\"]}]},{\"@type\":\"BreadcrumbList\",\"@id\":\"https:\/\/constantinianorder.com\/es\/agradecimiento-y-nombramiento-de-un-nuevo-delegado-para-toscana\/#breadcrumb\",\"itemListElement\":[{\"@type\":\"ListItem\",\"position\":1,\"name\":\"Home\",\"item\":\"https:\/\/constantinianorder.com\/en\/\"},{\"@type\":\"ListItem\",\"position\":2,\"name\":\"Agradecimiento y nombramiento de un nuevo Delegado para Toscana\"}]},{\"@type\":\"WebSite\",\"@id\":\"https:\/\/constantinianorder.com\/#website\",\"url\":\"https:\/\/constantinianorder.com\/\",\"name\":\"Sacro Militare Ordine Costantiniano di San Giorgio\",\"description\":\"Ordine Ufficiale\",\"publisher\":{\"@id\":\"https:\/\/constantinianorder.com\/#organization\"},\"potentialAction\":[{\"@type\":\"SearchAction\",\"target\":{\"@type\":\"EntryPoint\",\"urlTemplate\":\"https:\/\/constantinianorder.com\/?s={search_term_string}\"},\"query-input\":{\"@type\":\"PropertyValueSpecification\",\"valueRequired\":true,\"valueName\":\"search_term_string\"}}],\"inLanguage\":\"es\"},{\"@type\":\"Organization\",\"@id\":\"https:\/\/constantinianorder.com\/#organization\",\"name\":\"Sacro Militare Ordine Costantiniano di San Giorgio\",\"url\":\"https:\/\/constantinianorder.com\/\",\"logo\":{\"@type\":\"ImageObject\",\"inLanguage\":\"es\",\"@id\":\"https:\/\/constantinianorder.com\/#\/schema\/logo\/image\/\",\"url\":\"https:\/\/constantinianorder.com\/wp-content\/uploads\/2025\/10\/cropped-logo-costantiniano.png\",\"contentUrl\":\"https:\/\/constantinianorder.com\/wp-content\/uploads\/2025\/10\/cropped-logo-costantiniano.png\",\"width\":512,\"height\":512,\"caption\":\"Sacro Militare Ordine Costantiniano di San Giorgio\"},\"image\":{\"@id\":\"https:\/\/constantinianorder.com\/#\/schema\/logo\/image\/\"},\"sameAs\":[\"https:\/\/www.facebook.com\/constantinianorder\",\"https:\/\/www.instagram.com\/constantinianorder\/\",\"https:\/\/www.youtube.com\/@granmagisterodelsacromilit9375\"]},{\"@type\":\"Person\",\"@id\":\"https:\/\/constantinianorder.com\/#\/schema\/person\/5fb5b3aeaa71cb4acb8c3009756c9bd1\",\"name\":\"Terzo Editor Cancelleria\",\"url\":\"https:\/\/constantinianorder.com\/es\/author\/cancelleria3\/\"}]}<\/script>\n<!-- \/ Yoast SEO plugin. -->","yoast_head_json":{"title":"Agradecimiento y nombramiento de un nuevo Delegado para Toscana - Sacro Militare Ordine Costantiniano di San Giorgio","robots":{"index":"index","follow":"follow","max-snippet":"max-snippet:-1","max-image-preview":"max-image-preview:large","max-video-preview":"max-video-preview:-1"},"canonical":"https:\/\/constantinianorder.com\/es\/agradecimiento-y-nombramiento-de-un-nuevo-delegado-para-toscana\/","og_locale":"es_ES","og_type":"article","og_title":"Agradecimiento y nombramiento de un nuevo Delegado para Toscana - Sacro Militare Ordine Costantiniano di San Giorgio","og_description":"Roma, 23 de abril de 2026 \u2013 S.A.R. el Pr\u00edncipe Carlos de Borb\u00f3n de las Dos Sicilias, Duque de Castro y Gran Maestro, desea expresar su m\u00e1s sincero aprecio y agradecimiento al Noble Ranieri Gastone, Conde Adorni Braccesi, por el compromiso demostrado durante estos a\u00f1os en los que ha dirigido con excelencia la Delegaci\u00f3n, tras [&hellip;]","og_url":"https:\/\/constantinianorder.com\/es\/agradecimiento-y-nombramiento-de-un-nuevo-delegado-para-toscana\/","og_site_name":"Sacro Militare Ordine Costantiniano di San Giorgio","article_publisher":"https:\/\/www.facebook.com\/constantinianorder","article_published_time":"2026-04-24T10:30:44+00:00","article_modified_time":"2026-04-28T08:49:28+00:00","author":"Terzo Editor Cancelleria","twitter_card":"summary_large_image","twitter_misc":{"Escrito por":"Terzo Editor Cancelleria","Tiempo de lectura":"1 minuto"},"schema":{"@context":"https:\/\/schema.org","@graph":[{"@type":"Article","@id":"https:\/\/constantinianorder.com\/es\/agradecimiento-y-nombramiento-de-un-nuevo-delegado-para-toscana\/#article","isPartOf":{"@id":"https:\/\/constantinianorder.com\/es\/agradecimiento-y-nombramiento-de-un-nuevo-delegado-para-toscana\/"},"author":{"name":"Terzo Editor Cancelleria","@id":"https:\/\/constantinianorder.com\/#\/schema\/person\/5fb5b3aeaa71cb4acb8c3009756c9bd1"},"headline":"Agradecimiento y nombramiento de un nuevo Delegado para Toscana","datePublished":"2026-04-24T10:30:44+00:00","dateModified":"2026-04-28T08:49:28+00:00","mainEntityOfPage":{"@id":"https:\/\/constantinianorder.com\/es\/agradecimiento-y-nombramiento-de-un-nuevo-delegado-para-toscana\/"},"wordCount":128,"publisher":{"@id":"https:\/\/constantinianorder.com\/#organization"},"articleSection":["Comunicados del Gran Magisterio"],"inLanguage":"es"},{"@type":"WebPage","@id":"https:\/\/constantinianorder.com\/es\/agradecimiento-y-nombramiento-de-un-nuevo-delegado-para-toscana\/","url":"https:\/\/constantinianorder.com\/es\/agradecimiento-y-nombramiento-de-un-nuevo-delegado-para-toscana\/","name":"Agradecimiento y nombramiento de un nuevo Delegado para Toscana - Sacro Militare Ordine Costantiniano di San Giorgio","isPartOf":{"@id":"https:\/\/constantinianorder.com\/#website"},"datePublished":"2026-04-24T10:30:44+00:00","dateModified":"2026-04-28T08:49:28+00:00","breadcrumb":{"@id":"https:\/\/constantinianorder.com\/es\/agradecimiento-y-nombramiento-de-un-nuevo-delegado-para-toscana\/#breadcrumb"},"inLanguage":"es","potentialAction":[{"@type":"ReadAction","target":["https:\/\/constantinianorder.com\/es\/agradecimiento-y-nombramiento-de-un-nuevo-delegado-para-toscana\/"]}]},{"@type":"BreadcrumbList","@id":"https:\/\/constantinianorder.com\/es\/agradecimiento-y-nombramiento-de-un-nuevo-delegado-para-toscana\/#breadcrumb","itemListElement":[{"@type":"ListItem","position":1,"name":"Home","item":"https:\/\/constantinianorder.com\/en\/"},{"@type":"ListItem","position":2,"name":"Agradecimiento y nombramiento de un nuevo Delegado para Toscana"}]},{"@type":"WebSite","@id":"https:\/\/constantinianorder.com\/#website","url":"https:\/\/constantinianorder.com\/","name":"Sacro Militare Ordine Costantiniano di San Giorgio","description":"Ordine Ufficiale","publisher":{"@id":"https:\/\/constantinianorder.com\/#organization"},"potentialAction":[{"@type":"SearchAction","target":{"@type":"EntryPoint","urlTemplate":"https:\/\/constantinianorder.com\/?s={search_term_string}"},"query-input":{"@type":"PropertyValueSpecification","valueRequired":true,"valueName":"search_term_string"}}],"inLanguage":"es"},{"@type":"Organization","@id":"https:\/\/constantinianorder.com\/#organization","name":"Sacro Militare Ordine Costantiniano di San Giorgio","url":"https:\/\/constantinianorder.com\/","logo":{"@type":"ImageObject","inLanguage":"es","@id":"https:\/\/constantinianorder.com\/#\/schema\/logo\/image\/","url":"https:\/\/constantinianorder.com\/wp-content\/uploads\/2025\/10\/cropped-logo-costantiniano.png","contentUrl":"https:\/\/constantinianorder.com\/wp-content\/uploads\/2025\/10\/cropped-logo-costantiniano.png","width":512,"height":512,"caption":"Sacro Militare Ordine Costantiniano di San Giorgio"},"image":{"@id":"https:\/\/constantinianorder.com\/#\/schema\/logo\/image\/"},"sameAs":["https:\/\/www.facebook.com\/constantinianorder","https:\/\/www.instagram.com\/constantinianorder\/","https:\/\/www.youtube.com\/@granmagisterodelsacromilit9375"]},{"@type":"Person","@id":"https:\/\/constantinianorder.com\/#\/schema\/person\/5fb5b3aeaa71cb4acb8c3009756c9bd1","name":"Terzo Editor Cancelleria","url":"https:\/\/constantinianorder.com\/es\/author\/cancelleria3\/"}]}},"_links":{"self":[{"href":"https:\/\/constantinianorder.com\/es\/wp-json\/wp\/v2\/posts\/105073","targetHints":{"allow":["GET"]}}],"collection":[{"href":"https:\/\/constantinianorder.com\/es\/wp-json\/wp\/v2\/posts"}],"about":[{"href":"https:\/\/constantinianorder.com\/es\/wp-json\/wp\/v2\/types\/post"}],"author":[{"embeddable":true,"href":"https:\/\/constantinianorder.com\/es\/wp-json\/wp\/v2\/users\/10"}],"replies":[{"embeddable":true,"href":"https:\/\/constantinianorder.com\/es\/wp-json\/wp\/v2\/comments?post=105073"}],"version-history":[{"count":1,"href":"https:\/\/constantinianorder.com\/es\/wp-json\/wp\/v2\/posts\/105073\/revisions"}],"predecessor-version":[{"id":105074,"href":"https:\/\/constantinianorder.com\/es\/wp-json\/wp\/v2\/posts\/105073\/revisions\/105074"}],"wp:attachment":[{"href":"https:\/\/constantinianorder.com\/es\/wp-json\/wp\/v2\/media?parent=105073"}],"wp:term":[{"taxonomy":"category","embeddable":true,"href":"https:\/\/constantinianorder.com\/es\/wp-json\/wp\/v2\/categories?post=105073"},{"taxonomy":"post_tag","embeddable":true,"href":"https:\/\/constantinianorder.com\/es\/wp-json\/wp\/v2\/tags?post=105073"}],"curies":[{"name":"wp","href":"https:\/\/api.w.org\/{rel}","templated":true}]}}