{"id":104990,"date":"2026-03-30T13:52:58","date_gmt":"2026-03-30T13:52:58","guid":{"rendered":"https:\/\/constantinianorder.com\/san-leucio-la-utopia-se-convierte-en-futuro-celebracion-solemne-por-los-doscientos-cincuenta-anos-de-la-real-colonia\/"},"modified":"2026-04-27T08:40:39","modified_gmt":"2026-04-27T08:40:39","slug":"san-leucio-la-utopia-se-convierte-en-futuro-celebracion-solemne-por-los-doscientos-cincuenta-anos-de-la-real-colonia","status":"publish","type":"post","link":"https:\/\/constantinianorder.com\/es\/san-leucio-la-utopia-se-convierte-en-futuro-celebracion-solemne-por-los-doscientos-cincuenta-anos-de-la-real-colonia\/","title":{"rendered":"San Leucio: la utop\u00eda se convierte en futuro. Celebraci\u00f3n solemne por los doscientos cincuenta a\u00f1os de la Real Colonia"},"content":{"rendered":"\n<p><\/p>\n\n<p>El 25 de marzo, el Complejo Monumental del Belvedere de San Leucio abri\u00f3 sus puertas para una jornada que marca un punto de cambio entre la memoria hist\u00f3rica y la visi\u00f3n de un nuevo renacimiento. Con motivo del 250\u00ba aniversario de la Colonia Real, la Fundaci\u00f3n Orizzonti, en sinergia con las instituciones nacionales y territoriales, promovi\u00f3 una celebraci\u00f3n solemne dedicada a lo que fue uno de los experimentos m\u00e1s avanzados de bienestar e innovaci\u00f3n social en Europa. <\/p>\n\n<p><\/p>\n\n<figure class=\"wp-block-image aligncenter size-large\"><img decoding=\"async\" src=\"https:\/\/constantinianorder.com\/wp-content\/uploads\/2026\/03\/Z62_6025-1024x682.jpg\" alt=\"\" class=\"wp-image-104352\"\/><\/figure>\n\n<p><\/p>\n\n<p>La solemnidad del evento fue subrayada por la participaci\u00f3n de SS.AA.RR. el Pr\u00edncipe Carlos y la Princesa Camilla de Borb\u00f3n de las Dos Sicilias, testimonio del v\u00ednculo hist\u00f3rico y cultural que dio origen a este sitio, reconocido como Patrimonio de la Humanidad por la UNESCO. <\/p>\n\n<p><br\/>La jornada incluy\u00f3 el di\u00e1logo entre representantes del Gobierno, instituciones locales y excelencias del territorio, en una conversaci\u00f3n orientada a relanzar el papel de San Leucio en el panorama cultural y productivo contempor\u00e1neo. Los trabajos fueron introducidos y coordinados por el historiador y ensayista Paolo Mieli. <\/p>\n\n<p><\/p>\n\n<figure class=\"wp-block-image aligncenter size-large\"><img fetchpriority=\"high\" decoding=\"async\" width=\"1024\" height=\"682\" src=\"https:\/\/constantinianorder.com\/wp-content\/uploads\/2026\/03\/Z62_7046-1024x682.jpg\" alt=\"\" class=\"wp-image-104356\" srcset=\"https:\/\/constantinianorder.com\/wp-content\/uploads\/2026\/03\/Z62_7046-1024x682.jpg 1024w, https:\/\/constantinianorder.com\/wp-content\/uploads\/2026\/03\/Z62_7046-300x200.jpg 300w, https:\/\/constantinianorder.com\/wp-content\/uploads\/2026\/03\/Z62_7046-768x511.jpg 768w, https:\/\/constantinianorder.com\/wp-content\/uploads\/2026\/03\/Z62_7046-1536x1023.jpg 1536w, https:\/\/constantinianorder.com\/wp-content\/uploads\/2026\/03\/Z62_7046-2048x1364.jpg 2048w, https:\/\/constantinianorder.com\/wp-content\/uploads\/2026\/03\/Z62_7046-scaled.webp 1920w\" sizes=\"(max-width: 1024px) 100vw, 1024px\" \/><\/figure>\n\n<p><\/p>\n\n<p>\u00ab San Leucio es el manifiesto de un nuevo humanismo productivo y cultural \u00bb, subray\u00f3 Giuseppe Menniti, presidente de la Fondazione Orizzonti. \u00ab Con el A\u00f1o Leuciano queremos transformar la memoria en un proyecto vivo, devolviendo a Caserta al centro del debate internacional sobre el trabajo y la regeneraci\u00f3n. No se trata solo de celebrar un aniversario, sino de reactivar un motor de civilizaci\u00f3n que, hoy como hace 250 a\u00f1os, indica el camino para combinar la excelencia del ingenio, la belleza del arte y el valor de la cohesi\u00f3n social. \u00bb <\/p>\n\n<p><\/p>\n\n<figure class=\"wp-block-image aligncenter size-large\"><img decoding=\"async\" src=\"https:\/\/constantinianorder.com\/wp-content\/uploads\/2026\/03\/Z62_6902-1024x682.jpg\" alt=\"\" class=\"wp-image-104367\"\/><\/figure>\n\n<p><\/p>\n\n<p>La iniciativa forma parte del programa m\u00e1s amplio del A\u00f1o Leuciano, un calendario estructurado de eventos culturales, institucionales y cient\u00edficos destinado a devolver centralidad hist\u00f3rica y contempor\u00e1nea a la experiencia de San Leucio, relanzando su valor en el debate p\u00fablico nacional e internacional.<\/p>\n\n<p><\/p>\n\n<figure class=\"wp-block-image aligncenter size-large\"><img decoding=\"async\" width=\"1024\" height=\"682\" src=\"https:\/\/constantinianorder.com\/wp-content\/uploads\/2026\/03\/Z62_6253-1024x682.jpg\" alt=\"\" class=\"wp-image-104374\" srcset=\"https:\/\/constantinianorder.com\/wp-content\/uploads\/2026\/03\/Z62_6253-1024x682.jpg 1024w, https:\/\/constantinianorder.com\/wp-content\/uploads\/2026\/03\/Z62_6253-300x200.jpg 300w, https:\/\/constantinianorder.com\/wp-content\/uploads\/2026\/03\/Z62_6253-768x511.jpg 768w, https:\/\/constantinianorder.com\/wp-content\/uploads\/2026\/03\/Z62_6253-1536x1023.jpg 1536w, https:\/\/constantinianorder.com\/wp-content\/uploads\/2026\/03\/Z62_6253-2048x1364.jpg 2048w\" sizes=\"(max-width: 1024px) 100vw, 1024px\" \/><\/figure>\n\n<p><\/p>\n\n<p>Fundada en 1776 por Fernando IV de Borb\u00f3n, San Leucio se afirm\u00f3 desde el principio como una excelencia manufacturera y un laboratorio de civilizaci\u00f3n. A trav\u00e9s del c\u00e9lebre \u00ab C\u00f3digo Leuciano \u00bb, la Colonia introdujo principios revolucionarios para la \u00e9poca, como la educaci\u00f3n obligatoria, la protecci\u00f3n del trabajo, la igualdad entre hombres y mujeres y la atenci\u00f3n a la salud p\u00fablica, delineando un modelo de comunidad que hoy, en la era de las grandes transformaciones econ\u00f3micas y digitales, vuelve a interpelar al presente con extraordinaria actualidad. <\/p>\n\n<p><\/p>\n\n<figure class=\"wp-block-image aligncenter size-large\"><img decoding=\"async\" src=\"https:\/\/constantinianorder.com\/wp-content\/uploads\/2026\/03\/Z62_5968-1024x682.jpg\" alt=\"\" class=\"wp-image-104382\"\/><\/figure>\n\n<p><\/p>\n\n<p>Durante m\u00e1s de dos siglos, el nombre de San Leucio ha sido sin\u00f3nimo de una calidad productiva sin igual. Sus sedas, nacidas del encuentro entre la innovaci\u00f3n tecnol\u00f3gica y la maestr\u00eda artesanal, han recorrido la historia, vistiendo edificios institucionales y residencias reales, y contribuyendo a definir en el mundo el valor del \u00ab saber hacer \u00bb italiano. Hoy, esa misma comunidad pretende reafirmar su vocaci\u00f3n y su grandeza manufacturera, relanz\u00e1ndolas a trav\u00e9s de una renovada conciencia de su patrimonio cultural, transformando el legado hist\u00f3rico de San Leucio en una palanca activa de desarrollo, identidad y proyecci\u00f3n internacional.  <\/p>\n\n<p><\/p>\n\n<figure class=\"wp-block-image aligncenter size-large\"><img decoding=\"async\" src=\"https:\/\/constantinianorder.com\/wp-content\/uploads\/2026\/03\/Z62_7064-1024x682.jpg\" alt=\"\" class=\"wp-image-104386\"\/><\/figure>\n\n<p><\/p>\n\n<p>En la tarde del mismo d\u00eda, S.A.R. la Princesa Camilla de Borb\u00f3n de las Dos Sicilias, acompa\u00f1ada por su consorte y por S.A.R. la Princesa Beatriz de Borb\u00f3n de las Dos Sicilias, visit\u00f3 las hist\u00f3ricas seder\u00edas de San Leucio, lugar simb\u00f3lico de la tradici\u00f3n manufacturera y de la excelencia artesanal italiana.<\/p>\n\n<p>La visita tuvo como objetivo destacar el papel fundamental de las mujeres en la historia de la Real Colonia.<br\/>\u00abSan Leucio representa una p\u00e1gina extraordinaria de nuestra historia, en la que las mujeres han desempe\u00f1ado un papel central no solo en la producci\u00f3n, sino en la construcci\u00f3n de una comunidad basada en la equidad y el respeto \u00bb, declar\u00f3 la Princesa. \u00ab Visitar hoy las seder\u00edas significa rendir homenaje a este legado y reafirmar cu\u00e1n vigente sigue siendo invertir en el talento y en la valorizaci\u00f3n del trabajo femenino.\u00bb  <\/p>\n\n<p>La Princesa tambi\u00e9n subray\u00f3 el valor personal y simb\u00f3lico de la visita, vinculado a la historia de su familia y al significado que San Leucio contin\u00faa teniendo como modelo de progreso social y cultural. \u00ab Para mi familia, este lugar no es solo memoria, sino un ejemplo concreto de visi\u00f3n y responsabilidad, que nos invita a mirar al futuro con conciencia. \u00bb <\/p>\n\n<p><\/p>\n","protected":false},"excerpt":{"rendered":"<p>El 25 de marzo, el Complejo Monumental del Belvedere de San Leucio abri\u00f3 sus puertas para una jornada que marca un punto de cambio entre la memoria hist\u00f3rica y la visi\u00f3n de un nuevo renacimiento. Con motivo del 250\u00ba aniversario de la Colonia Real, la Fundaci\u00f3n Orizzonti, en sinergia con las instituciones nacionales y territoriales, [&hellip;]<\/p>\n","protected":false},"author":10,"featured_media":0,"comment_status":"closed","ping_status":"closed","sticky":false,"template":"","format":"standard","meta":{"footnotes":""},"categories":[81],"tags":[],"class_list":["post-104990","post","type-post","status-publish","format-standard","hentry","category-comunicados-del-gran-magisterio"],"yoast_head":"<!-- This site is optimized with the Yoast SEO plugin v26.5 - https:\/\/yoast.com\/wordpress\/plugins\/seo\/ -->\n<title>San Leucio: la utop\u00eda se convierte en futuro. Celebraci\u00f3n solemne por los doscientos cincuenta a\u00f1os de la Real Colonia - Sacro Militare Ordine Costantiniano di San Giorgio<\/title>\n<meta name=\"robots\" content=\"index, follow, max-snippet:-1, max-image-preview:large, max-video-preview:-1\" \/>\n<link rel=\"canonical\" href=\"https:\/\/constantinianorder.com\/es\/san-leucio-la-utopia-se-convierte-en-futuro-celebracion-solemne-por-los-doscientos-cincuenta-anos-de-la-real-colonia\/\" \/>\n<meta property=\"og:locale\" content=\"es_ES\" \/>\n<meta property=\"og:type\" content=\"article\" \/>\n<meta property=\"og:title\" content=\"San Leucio: la utop\u00eda se convierte en futuro. Celebraci\u00f3n solemne por los doscientos cincuenta a\u00f1os de la Real Colonia - Sacro Militare Ordine Costantiniano di San Giorgio\" \/>\n<meta property=\"og:description\" content=\"El 25 de marzo, el Complejo Monumental del Belvedere de San Leucio abri\u00f3 sus puertas para una jornada que marca un punto de cambio entre la memoria hist\u00f3rica y la visi\u00f3n de un nuevo renacimiento. Con motivo del 250\u00ba aniversario de la Colonia Real, la Fundaci\u00f3n Orizzonti, en sinergia con las instituciones nacionales y territoriales, [&hellip;]\" \/>\n<meta property=\"og:url\" content=\"https:\/\/constantinianorder.com\/es\/san-leucio-la-utopia-se-convierte-en-futuro-celebracion-solemne-por-los-doscientos-cincuenta-anos-de-la-real-colonia\/\" \/>\n<meta property=\"og:site_name\" content=\"Sacro Militare Ordine Costantiniano di San Giorgio\" \/>\n<meta property=\"article:publisher\" content=\"https:\/\/www.facebook.com\/constantinianorder\" \/>\n<meta property=\"article:published_time\" content=\"2026-03-30T13:52:58+00:00\" \/>\n<meta property=\"article:modified_time\" content=\"2026-04-27T08:40:39+00:00\" \/>\n<meta property=\"og:image\" content=\"https:\/\/constantinianorder.com\/wp-content\/uploads\/2026\/03\/Z62_6025-scaled.webp\" \/>\n\t<meta property=\"og:image:width\" content=\"1920\" \/>\n\t<meta property=\"og:image:height\" content=\"1279\" \/>\n\t<meta property=\"og:image:type\" content=\"image\/webp\" \/>\n<meta name=\"author\" content=\"Terzo Editor Cancelleria\" \/>\n<meta name=\"twitter:card\" content=\"summary_large_image\" \/>\n<meta name=\"twitter:label1\" content=\"Escrito por\" \/>\n\t<meta name=\"twitter:data1\" content=\"Terzo Editor Cancelleria\" \/>\n\t<meta name=\"twitter:label2\" content=\"Tiempo de lectura\" \/>\n\t<meta name=\"twitter:data2\" content=\"4 minutos\" \/>\n<script type=\"application\/ld+json\" class=\"yoast-schema-graph\">{\"@context\":\"https:\/\/schema.org\",\"@graph\":[{\"@type\":\"Article\",\"@id\":\"https:\/\/constantinianorder.com\/es\/san-leucio-la-utopia-se-convierte-en-futuro-celebracion-solemne-por-los-doscientos-cincuenta-anos-de-la-real-colonia\/#article\",\"isPartOf\":{\"@id\":\"https:\/\/constantinianorder.com\/es\/san-leucio-la-utopia-se-convierte-en-futuro-celebracion-solemne-por-los-doscientos-cincuenta-anos-de-la-real-colonia\/\"},\"author\":{\"name\":\"Terzo Editor Cancelleria\",\"@id\":\"https:\/\/constantinianorder.com\/#\/schema\/person\/5fb5b3aeaa71cb4acb8c3009756c9bd1\"},\"headline\":\"San Leucio: la utop\u00eda se convierte en futuro. Celebraci\u00f3n solemne por los doscientos cincuenta a\u00f1os de la Real Colonia\",\"datePublished\":\"2026-03-30T13:52:58+00:00\",\"dateModified\":\"2026-04-27T08:40:39+00:00\",\"mainEntityOfPage\":{\"@id\":\"https:\/\/constantinianorder.com\/es\/san-leucio-la-utopia-se-convierte-en-futuro-celebracion-solemne-por-los-doscientos-cincuenta-anos-de-la-real-colonia\/\"},\"wordCount\":763,\"publisher\":{\"@id\":\"https:\/\/constantinianorder.com\/#organization\"},\"image\":{\"@id\":\"https:\/\/constantinianorder.com\/es\/san-leucio-la-utopia-se-convierte-en-futuro-celebracion-solemne-por-los-doscientos-cincuenta-anos-de-la-real-colonia\/#primaryimage\"},\"thumbnailUrl\":\"https:\/\/constantinianorder.com\/wp-content\/uploads\/2026\/03\/Z62_6025-1024x682.jpg\",\"articleSection\":[\"Comunicados del Gran Magisterio\"],\"inLanguage\":\"es\"},{\"@type\":\"WebPage\",\"@id\":\"https:\/\/constantinianorder.com\/es\/san-leucio-la-utopia-se-convierte-en-futuro-celebracion-solemne-por-los-doscientos-cincuenta-anos-de-la-real-colonia\/\",\"url\":\"https:\/\/constantinianorder.com\/es\/san-leucio-la-utopia-se-convierte-en-futuro-celebracion-solemne-por-los-doscientos-cincuenta-anos-de-la-real-colonia\/\",\"name\":\"San Leucio: la utop\u00eda se convierte en futuro. Celebraci\u00f3n solemne por los doscientos cincuenta a\u00f1os de la Real Colonia - Sacro Militare Ordine Costantiniano di San Giorgio\",\"isPartOf\":{\"@id\":\"https:\/\/constantinianorder.com\/#website\"},\"primaryImageOfPage\":{\"@id\":\"https:\/\/constantinianorder.com\/es\/san-leucio-la-utopia-se-convierte-en-futuro-celebracion-solemne-por-los-doscientos-cincuenta-anos-de-la-real-colonia\/#primaryimage\"},\"image\":{\"@id\":\"https:\/\/constantinianorder.com\/es\/san-leucio-la-utopia-se-convierte-en-futuro-celebracion-solemne-por-los-doscientos-cincuenta-anos-de-la-real-colonia\/#primaryimage\"},\"thumbnailUrl\":\"https:\/\/constantinianorder.com\/wp-content\/uploads\/2026\/03\/Z62_6025-1024x682.jpg\",\"datePublished\":\"2026-03-30T13:52:58+00:00\",\"dateModified\":\"2026-04-27T08:40:39+00:00\",\"breadcrumb\":{\"@id\":\"https:\/\/constantinianorder.com\/es\/san-leucio-la-utopia-se-convierte-en-futuro-celebracion-solemne-por-los-doscientos-cincuenta-anos-de-la-real-colonia\/#breadcrumb\"},\"inLanguage\":\"es\",\"potentialAction\":[{\"@type\":\"ReadAction\",\"target\":[\"https:\/\/constantinianorder.com\/es\/san-leucio-la-utopia-se-convierte-en-futuro-celebracion-solemne-por-los-doscientos-cincuenta-anos-de-la-real-colonia\/\"]}]},{\"@type\":\"ImageObject\",\"inLanguage\":\"es\",\"@id\":\"https:\/\/constantinianorder.com\/es\/san-leucio-la-utopia-se-convierte-en-futuro-celebracion-solemne-por-los-doscientos-cincuenta-anos-de-la-real-colonia\/#primaryimage\",\"url\":\"https:\/\/constantinianorder.com\/wp-content\/uploads\/2026\/03\/Z62_6025-1024x682.jpg\",\"contentUrl\":\"https:\/\/constantinianorder.com\/wp-content\/uploads\/2026\/03\/Z62_6025-1024x682.jpg\"},{\"@type\":\"BreadcrumbList\",\"@id\":\"https:\/\/constantinianorder.com\/es\/san-leucio-la-utopia-se-convierte-en-futuro-celebracion-solemne-por-los-doscientos-cincuenta-anos-de-la-real-colonia\/#breadcrumb\",\"itemListElement\":[{\"@type\":\"ListItem\",\"position\":1,\"name\":\"Home\",\"item\":\"https:\/\/constantinianorder.com\/en\/\"},{\"@type\":\"ListItem\",\"position\":2,\"name\":\"San Leucio: la utop\u00eda se convierte en futuro. Celebraci\u00f3n solemne por los doscientos cincuenta a\u00f1os de la Real Colonia\"}]},{\"@type\":\"WebSite\",\"@id\":\"https:\/\/constantinianorder.com\/#website\",\"url\":\"https:\/\/constantinianorder.com\/\",\"name\":\"Sacro Militare Ordine Costantiniano di San Giorgio\",\"description\":\"Ordine Ufficiale\",\"publisher\":{\"@id\":\"https:\/\/constantinianorder.com\/#organization\"},\"potentialAction\":[{\"@type\":\"SearchAction\",\"target\":{\"@type\":\"EntryPoint\",\"urlTemplate\":\"https:\/\/constantinianorder.com\/?s={search_term_string}\"},\"query-input\":{\"@type\":\"PropertyValueSpecification\",\"valueRequired\":true,\"valueName\":\"search_term_string\"}}],\"inLanguage\":\"es\"},{\"@type\":\"Organization\",\"@id\":\"https:\/\/constantinianorder.com\/#organization\",\"name\":\"Sacro Militare Ordine Costantiniano di San Giorgio\",\"url\":\"https:\/\/constantinianorder.com\/\",\"logo\":{\"@type\":\"ImageObject\",\"inLanguage\":\"es\",\"@id\":\"https:\/\/constantinianorder.com\/#\/schema\/logo\/image\/\",\"url\":\"https:\/\/constantinianorder.com\/wp-content\/uploads\/2025\/10\/cropped-logo-costantiniano.png\",\"contentUrl\":\"https:\/\/constantinianorder.com\/wp-content\/uploads\/2025\/10\/cropped-logo-costantiniano.png\",\"width\":512,\"height\":512,\"caption\":\"Sacro Militare Ordine Costantiniano di San Giorgio\"},\"image\":{\"@id\":\"https:\/\/constantinianorder.com\/#\/schema\/logo\/image\/\"},\"sameAs\":[\"https:\/\/www.facebook.com\/constantinianorder\",\"https:\/\/www.instagram.com\/constantinianorder\/\",\"https:\/\/www.youtube.com\/@granmagisterodelsacromilit9375\"]},{\"@type\":\"Person\",\"@id\":\"https:\/\/constantinianorder.com\/#\/schema\/person\/5fb5b3aeaa71cb4acb8c3009756c9bd1\",\"name\":\"Terzo Editor Cancelleria\",\"url\":\"https:\/\/constantinianorder.com\/es\/author\/cancelleria3\/\"}]}<\/script>\n<!-- \/ Yoast SEO plugin. -->","yoast_head_json":{"title":"San Leucio: la utop\u00eda se convierte en futuro. Celebraci\u00f3n solemne por los doscientos cincuenta a\u00f1os de la Real Colonia - Sacro Militare Ordine Costantiniano di San Giorgio","robots":{"index":"index","follow":"follow","max-snippet":"max-snippet:-1","max-image-preview":"max-image-preview:large","max-video-preview":"max-video-preview:-1"},"canonical":"https:\/\/constantinianorder.com\/es\/san-leucio-la-utopia-se-convierte-en-futuro-celebracion-solemne-por-los-doscientos-cincuenta-anos-de-la-real-colonia\/","og_locale":"es_ES","og_type":"article","og_title":"San Leucio: la utop\u00eda se convierte en futuro. Celebraci\u00f3n solemne por los doscientos cincuenta a\u00f1os de la Real Colonia - Sacro Militare Ordine Costantiniano di San Giorgio","og_description":"El 25 de marzo, el Complejo Monumental del Belvedere de San Leucio abri\u00f3 sus puertas para una jornada que marca un punto de cambio entre la memoria hist\u00f3rica y la visi\u00f3n de un nuevo renacimiento. Con motivo del 250\u00ba aniversario de la Colonia Real, la Fundaci\u00f3n Orizzonti, en sinergia con las instituciones nacionales y territoriales, [&hellip;]","og_url":"https:\/\/constantinianorder.com\/es\/san-leucio-la-utopia-se-convierte-en-futuro-celebracion-solemne-por-los-doscientos-cincuenta-anos-de-la-real-colonia\/","og_site_name":"Sacro Militare Ordine Costantiniano di San Giorgio","article_publisher":"https:\/\/www.facebook.com\/constantinianorder","article_published_time":"2026-03-30T13:52:58+00:00","article_modified_time":"2026-04-27T08:40:39+00:00","og_image":[{"width":1920,"height":1279,"url":"https:\/\/constantinianorder.com\/wp-content\/uploads\/2026\/03\/Z62_6025-scaled.webp","type":"image\/webp"}],"author":"Terzo Editor Cancelleria","twitter_card":"summary_large_image","twitter_misc":{"Escrito por":"Terzo Editor Cancelleria","Tiempo de lectura":"4 minutos"},"schema":{"@context":"https:\/\/schema.org","@graph":[{"@type":"Article","@id":"https:\/\/constantinianorder.com\/es\/san-leucio-la-utopia-se-convierte-en-futuro-celebracion-solemne-por-los-doscientos-cincuenta-anos-de-la-real-colonia\/#article","isPartOf":{"@id":"https:\/\/constantinianorder.com\/es\/san-leucio-la-utopia-se-convierte-en-futuro-celebracion-solemne-por-los-doscientos-cincuenta-anos-de-la-real-colonia\/"},"author":{"name":"Terzo Editor Cancelleria","@id":"https:\/\/constantinianorder.com\/#\/schema\/person\/5fb5b3aeaa71cb4acb8c3009756c9bd1"},"headline":"San Leucio: la utop\u00eda se convierte en futuro. Celebraci\u00f3n solemne por los doscientos cincuenta a\u00f1os de la Real Colonia","datePublished":"2026-03-30T13:52:58+00:00","dateModified":"2026-04-27T08:40:39+00:00","mainEntityOfPage":{"@id":"https:\/\/constantinianorder.com\/es\/san-leucio-la-utopia-se-convierte-en-futuro-celebracion-solemne-por-los-doscientos-cincuenta-anos-de-la-real-colonia\/"},"wordCount":763,"publisher":{"@id":"https:\/\/constantinianorder.com\/#organization"},"image":{"@id":"https:\/\/constantinianorder.com\/es\/san-leucio-la-utopia-se-convierte-en-futuro-celebracion-solemne-por-los-doscientos-cincuenta-anos-de-la-real-colonia\/#primaryimage"},"thumbnailUrl":"https:\/\/constantinianorder.com\/wp-content\/uploads\/2026\/03\/Z62_6025-1024x682.jpg","articleSection":["Comunicados del Gran Magisterio"],"inLanguage":"es"},{"@type":"WebPage","@id":"https:\/\/constantinianorder.com\/es\/san-leucio-la-utopia-se-convierte-en-futuro-celebracion-solemne-por-los-doscientos-cincuenta-anos-de-la-real-colonia\/","url":"https:\/\/constantinianorder.com\/es\/san-leucio-la-utopia-se-convierte-en-futuro-celebracion-solemne-por-los-doscientos-cincuenta-anos-de-la-real-colonia\/","name":"San Leucio: la utop\u00eda se convierte en futuro. Celebraci\u00f3n solemne por los doscientos cincuenta a\u00f1os de la Real Colonia - Sacro Militare Ordine Costantiniano di San Giorgio","isPartOf":{"@id":"https:\/\/constantinianorder.com\/#website"},"primaryImageOfPage":{"@id":"https:\/\/constantinianorder.com\/es\/san-leucio-la-utopia-se-convierte-en-futuro-celebracion-solemne-por-los-doscientos-cincuenta-anos-de-la-real-colonia\/#primaryimage"},"image":{"@id":"https:\/\/constantinianorder.com\/es\/san-leucio-la-utopia-se-convierte-en-futuro-celebracion-solemne-por-los-doscientos-cincuenta-anos-de-la-real-colonia\/#primaryimage"},"thumbnailUrl":"https:\/\/constantinianorder.com\/wp-content\/uploads\/2026\/03\/Z62_6025-1024x682.jpg","datePublished":"2026-03-30T13:52:58+00:00","dateModified":"2026-04-27T08:40:39+00:00","breadcrumb":{"@id":"https:\/\/constantinianorder.com\/es\/san-leucio-la-utopia-se-convierte-en-futuro-celebracion-solemne-por-los-doscientos-cincuenta-anos-de-la-real-colonia\/#breadcrumb"},"inLanguage":"es","potentialAction":[{"@type":"ReadAction","target":["https:\/\/constantinianorder.com\/es\/san-leucio-la-utopia-se-convierte-en-futuro-celebracion-solemne-por-los-doscientos-cincuenta-anos-de-la-real-colonia\/"]}]},{"@type":"ImageObject","inLanguage":"es","@id":"https:\/\/constantinianorder.com\/es\/san-leucio-la-utopia-se-convierte-en-futuro-celebracion-solemne-por-los-doscientos-cincuenta-anos-de-la-real-colonia\/#primaryimage","url":"https:\/\/constantinianorder.com\/wp-content\/uploads\/2026\/03\/Z62_6025-1024x682.jpg","contentUrl":"https:\/\/constantinianorder.com\/wp-content\/uploads\/2026\/03\/Z62_6025-1024x682.jpg"},{"@type":"BreadcrumbList","@id":"https:\/\/constantinianorder.com\/es\/san-leucio-la-utopia-se-convierte-en-futuro-celebracion-solemne-por-los-doscientos-cincuenta-anos-de-la-real-colonia\/#breadcrumb","itemListElement":[{"@type":"ListItem","position":1,"name":"Home","item":"https:\/\/constantinianorder.com\/en\/"},{"@type":"ListItem","position":2,"name":"San Leucio: la utop\u00eda se convierte en futuro. Celebraci\u00f3n solemne por los doscientos cincuenta a\u00f1os de la Real Colonia"}]},{"@type":"WebSite","@id":"https:\/\/constantinianorder.com\/#website","url":"https:\/\/constantinianorder.com\/","name":"Sacro Militare Ordine Costantiniano di San Giorgio","description":"Ordine Ufficiale","publisher":{"@id":"https:\/\/constantinianorder.com\/#organization"},"potentialAction":[{"@type":"SearchAction","target":{"@type":"EntryPoint","urlTemplate":"https:\/\/constantinianorder.com\/?s={search_term_string}"},"query-input":{"@type":"PropertyValueSpecification","valueRequired":true,"valueName":"search_term_string"}}],"inLanguage":"es"},{"@type":"Organization","@id":"https:\/\/constantinianorder.com\/#organization","name":"Sacro Militare Ordine Costantiniano di San Giorgio","url":"https:\/\/constantinianorder.com\/","logo":{"@type":"ImageObject","inLanguage":"es","@id":"https:\/\/constantinianorder.com\/#\/schema\/logo\/image\/","url":"https:\/\/constantinianorder.com\/wp-content\/uploads\/2025\/10\/cropped-logo-costantiniano.png","contentUrl":"https:\/\/constantinianorder.com\/wp-content\/uploads\/2025\/10\/cropped-logo-costantiniano.png","width":512,"height":512,"caption":"Sacro Militare Ordine Costantiniano di San Giorgio"},"image":{"@id":"https:\/\/constantinianorder.com\/#\/schema\/logo\/image\/"},"sameAs":["https:\/\/www.facebook.com\/constantinianorder","https:\/\/www.instagram.com\/constantinianorder\/","https:\/\/www.youtube.com\/@granmagisterodelsacromilit9375"]},{"@type":"Person","@id":"https:\/\/constantinianorder.com\/#\/schema\/person\/5fb5b3aeaa71cb4acb8c3009756c9bd1","name":"Terzo Editor Cancelleria","url":"https:\/\/constantinianorder.com\/es\/author\/cancelleria3\/"}]}},"_links":{"self":[{"href":"https:\/\/constantinianorder.com\/es\/wp-json\/wp\/v2\/posts\/104990","targetHints":{"allow":["GET"]}}],"collection":[{"href":"https:\/\/constantinianorder.com\/es\/wp-json\/wp\/v2\/posts"}],"about":[{"href":"https:\/\/constantinianorder.com\/es\/wp-json\/wp\/v2\/types\/post"}],"author":[{"embeddable":true,"href":"https:\/\/constantinianorder.com\/es\/wp-json\/wp\/v2\/users\/10"}],"replies":[{"embeddable":true,"href":"https:\/\/constantinianorder.com\/es\/wp-json\/wp\/v2\/comments?post=104990"}],"version-history":[{"count":1,"href":"https:\/\/constantinianorder.com\/es\/wp-json\/wp\/v2\/posts\/104990\/revisions"}],"predecessor-version":[{"id":104991,"href":"https:\/\/constantinianorder.com\/es\/wp-json\/wp\/v2\/posts\/104990\/revisions\/104991"}],"wp:attachment":[{"href":"https:\/\/constantinianorder.com\/es\/wp-json\/wp\/v2\/media?parent=104990"}],"wp:term":[{"taxonomy":"category","embeddable":true,"href":"https:\/\/constantinianorder.com\/es\/wp-json\/wp\/v2\/categories?post=104990"},{"taxonomy":"post_tag","embeddable":true,"href":"https:\/\/constantinianorder.com\/es\/wp-json\/wp\/v2\/tags?post=104990"}],"curies":[{"name":"wp","href":"https:\/\/api.w.org\/{rel}","templated":true}]}}