{"id":104844,"date":"2026-04-22T13:58:25","date_gmt":"2026-04-22T13:58:25","guid":{"rendered":"https:\/\/constantinianorder.com\/mensaje-de-s-a-r-el-duque-de-castro-con-ocasion-de-la-fiesta-de-san-jorge\/"},"modified":"2026-04-24T10:59:21","modified_gmt":"2026-04-24T10:59:21","slug":"mensaje-de-s-a-r-el-duque-de-castro-con-ocasion-de-la-fiesta-de-san-jorge","status":"publish","type":"post","link":"https:\/\/constantinianorder.com\/es\/mensaje-de-s-a-r-el-duque-de-castro-con-ocasion-de-la-fiesta-de-san-jorge\/","title":{"rendered":"Mensaje de S.A.R. El Duque de Castro con ocasi\u00f3n de la fiesta de San Jorge."},"content":{"rendered":"\n<p><\/p>\n\n<p>S.A.R.el Pr\u00edncipe Carlos de Borb\u00f3n de las Dos Sicilias, Duque de Castro y Jefe de la Real Casa, dirige a los Caballeros y Damas sus m\u00e1s sentidas felicitaciones con ocasi\u00f3n de la fiesta de San Jorge.<\/p>\n\n<p>Al celebrar al Santo Patrono de la Orden Constantiniana, el Gran Maestro desea que su ejemplo contin\u00fae inspirando a cada uno en los desaf\u00edos cotidianos, sosteniendo la firmeza de la fe siguiendo el ejemplo de quienes lograron vencer el mal actuando conforme a la voluntad divina.<\/p>\n\n<p><\/p>\n\n<figure class=\"wp-block-image aligncenter size-full\"><img decoding=\"async\" src=\"https:\/\/constantinianorder.com\/wp-content\/uploads\/2026\/04\/San-Giorgio-2026.jpeg\" alt=\"\" class=\"wp-image-104830\"\/><figcaption class=\"wp-element-caption\"><em>Carlo Crivelli, San Jorge matando al drag\u00f3n, 1470<\/em><\/figcaption><\/figure>\n\n<p><\/p>\n","protected":false},"excerpt":{"rendered":"<p>S.A.R.el Pr\u00edncipe Carlos de Borb\u00f3n de las Dos Sicilias, Duque de Castro y Jefe de la Real Casa, dirige a los Caballeros y Damas sus m\u00e1s sentidas felicitaciones con ocasi\u00f3n de la fiesta de San Jorge. Al celebrar al Santo Patrono de la Orden Constantiniana, el Gran Maestro desea que su ejemplo contin\u00fae inspirando a [&hellip;]<\/p>\n","protected":false},"author":10,"featured_media":0,"comment_status":"closed","ping_status":"closed","sticky":false,"template":"","format":"standard","meta":{"footnotes":""},"categories":[81],"tags":[],"class_list":["post-104844","post","type-post","status-publish","format-standard","hentry","category-comunicados-del-gran-magisterio"],"yoast_head":"<!-- This site is optimized with the Yoast SEO plugin v26.5 - https:\/\/yoast.com\/wordpress\/plugins\/seo\/ -->\n<title>Mensaje de S.A.R. El Duque de Castro con ocasi\u00f3n de la fiesta de San Jorge. - Sacro Militare Ordine Costantiniano di San Giorgio<\/title>\n<meta name=\"robots\" content=\"index, follow, max-snippet:-1, max-image-preview:large, max-video-preview:-1\" \/>\n<link rel=\"canonical\" href=\"https:\/\/constantinianorder.com\/es\/mensaje-de-s-a-r-el-duque-de-castro-con-ocasion-de-la-fiesta-de-san-jorge\/\" \/>\n<meta property=\"og:locale\" content=\"es_ES\" \/>\n<meta property=\"og:type\" content=\"article\" \/>\n<meta property=\"og:title\" content=\"Mensaje de S.A.R. El Duque de Castro con ocasi\u00f3n de la fiesta de San Jorge. - Sacro Militare Ordine Costantiniano di San Giorgio\" \/>\n<meta property=\"og:description\" content=\"S.A.R.el Pr\u00edncipe Carlos de Borb\u00f3n de las Dos Sicilias, Duque de Castro y Jefe de la Real Casa, dirige a los Caballeros y Damas sus m\u00e1s sentidas felicitaciones con ocasi\u00f3n de la fiesta de San Jorge. Al celebrar al Santo Patrono de la Orden Constantiniana, el Gran Maestro desea que su ejemplo contin\u00fae inspirando a [&hellip;]\" \/>\n<meta property=\"og:url\" content=\"https:\/\/constantinianorder.com\/es\/mensaje-de-s-a-r-el-duque-de-castro-con-ocasion-de-la-fiesta-de-san-jorge\/\" \/>\n<meta property=\"og:site_name\" content=\"Sacro Militare Ordine Costantiniano di San Giorgio\" \/>\n<meta property=\"article:publisher\" content=\"https:\/\/www.facebook.com\/constantinianorder\" \/>\n<meta property=\"article:published_time\" content=\"2026-04-22T13:58:25+00:00\" \/>\n<meta property=\"article:modified_time\" content=\"2026-04-24T10:59:21+00:00\" \/>\n<meta property=\"og:image\" content=\"https:\/\/constantinianorder.com\/wp-content\/uploads\/2026\/04\/San-Giorgio-2026.webp\" \/>\n\t<meta property=\"og:image:width\" content=\"378\" \/>\n\t<meta property=\"og:image:height\" content=\"655\" \/>\n\t<meta property=\"og:image:type\" content=\"image\/webp\" \/>\n<meta name=\"author\" content=\"Terzo Editor Cancelleria\" \/>\n<meta name=\"twitter:card\" content=\"summary_large_image\" \/>\n<meta name=\"twitter:label1\" content=\"Escrito por\" \/>\n\t<meta name=\"twitter:data1\" content=\"Terzo Editor Cancelleria\" \/>\n<script type=\"application\/ld+json\" class=\"yoast-schema-graph\">{\"@context\":\"https:\/\/schema.org\",\"@graph\":[{\"@type\":\"Article\",\"@id\":\"https:\/\/constantinianorder.com\/es\/mensaje-de-s-a-r-el-duque-de-castro-con-ocasion-de-la-fiesta-de-san-jorge\/#article\",\"isPartOf\":{\"@id\":\"https:\/\/constantinianorder.com\/es\/mensaje-de-s-a-r-el-duque-de-castro-con-ocasion-de-la-fiesta-de-san-jorge\/\"},\"author\":{\"name\":\"Terzo Editor Cancelleria\",\"@id\":\"https:\/\/constantinianorder.com\/#\/schema\/person\/5fb5b3aeaa71cb4acb8c3009756c9bd1\"},\"headline\":\"Mensaje de S.A.R. El Duque de Castro con ocasi\u00f3n de la fiesta de San Jorge.\",\"datePublished\":\"2026-04-22T13:58:25+00:00\",\"dateModified\":\"2026-04-24T10:59:21+00:00\",\"mainEntityOfPage\":{\"@id\":\"https:\/\/constantinianorder.com\/es\/mensaje-de-s-a-r-el-duque-de-castro-con-ocasion-de-la-fiesta-de-san-jorge\/\"},\"wordCount\":117,\"publisher\":{\"@id\":\"https:\/\/constantinianorder.com\/#organization\"},\"image\":{\"@id\":\"https:\/\/constantinianorder.com\/es\/mensaje-de-s-a-r-el-duque-de-castro-con-ocasion-de-la-fiesta-de-san-jorge\/#primaryimage\"},\"thumbnailUrl\":\"https:\/\/constantinianorder.com\/wp-content\/uploads\/2026\/04\/San-Giorgio-2026.jpeg\",\"articleSection\":[\"Comunicados del Gran Magisterio\"],\"inLanguage\":\"es\"},{\"@type\":\"WebPage\",\"@id\":\"https:\/\/constantinianorder.com\/es\/mensaje-de-s-a-r-el-duque-de-castro-con-ocasion-de-la-fiesta-de-san-jorge\/\",\"url\":\"https:\/\/constantinianorder.com\/es\/mensaje-de-s-a-r-el-duque-de-castro-con-ocasion-de-la-fiesta-de-san-jorge\/\",\"name\":\"Mensaje de S.A.R. El Duque de Castro con ocasi\u00f3n de la fiesta de San Jorge. - Sacro Militare Ordine Costantiniano di San Giorgio\",\"isPartOf\":{\"@id\":\"https:\/\/constantinianorder.com\/#website\"},\"primaryImageOfPage\":{\"@id\":\"https:\/\/constantinianorder.com\/es\/mensaje-de-s-a-r-el-duque-de-castro-con-ocasion-de-la-fiesta-de-san-jorge\/#primaryimage\"},\"image\":{\"@id\":\"https:\/\/constantinianorder.com\/es\/mensaje-de-s-a-r-el-duque-de-castro-con-ocasion-de-la-fiesta-de-san-jorge\/#primaryimage\"},\"thumbnailUrl\":\"https:\/\/constantinianorder.com\/wp-content\/uploads\/2026\/04\/San-Giorgio-2026.jpeg\",\"datePublished\":\"2026-04-22T13:58:25+00:00\",\"dateModified\":\"2026-04-24T10:59:21+00:00\",\"breadcrumb\":{\"@id\":\"https:\/\/constantinianorder.com\/es\/mensaje-de-s-a-r-el-duque-de-castro-con-ocasion-de-la-fiesta-de-san-jorge\/#breadcrumb\"},\"inLanguage\":\"es\",\"potentialAction\":[{\"@type\":\"ReadAction\",\"target\":[\"https:\/\/constantinianorder.com\/es\/mensaje-de-s-a-r-el-duque-de-castro-con-ocasion-de-la-fiesta-de-san-jorge\/\"]}]},{\"@type\":\"ImageObject\",\"inLanguage\":\"es\",\"@id\":\"https:\/\/constantinianorder.com\/es\/mensaje-de-s-a-r-el-duque-de-castro-con-ocasion-de-la-fiesta-de-san-jorge\/#primaryimage\",\"url\":\"https:\/\/constantinianorder.com\/wp-content\/uploads\/2026\/04\/San-Giorgio-2026.jpeg\",\"contentUrl\":\"https:\/\/constantinianorder.com\/wp-content\/uploads\/2026\/04\/San-Giorgio-2026.jpeg\"},{\"@type\":\"BreadcrumbList\",\"@id\":\"https:\/\/constantinianorder.com\/es\/mensaje-de-s-a-r-el-duque-de-castro-con-ocasion-de-la-fiesta-de-san-jorge\/#breadcrumb\",\"itemListElement\":[{\"@type\":\"ListItem\",\"position\":1,\"name\":\"Home\",\"item\":\"https:\/\/constantinianorder.com\/en\/\"},{\"@type\":\"ListItem\",\"position\":2,\"name\":\"Mensaje de S.A.R. El Duque de Castro con ocasi\u00f3n de la fiesta de San Jorge.\"}]},{\"@type\":\"WebSite\",\"@id\":\"https:\/\/constantinianorder.com\/#website\",\"url\":\"https:\/\/constantinianorder.com\/\",\"name\":\"Sacro Militare Ordine Costantiniano di San Giorgio\",\"description\":\"Ordine Ufficiale\",\"publisher\":{\"@id\":\"https:\/\/constantinianorder.com\/#organization\"},\"potentialAction\":[{\"@type\":\"SearchAction\",\"target\":{\"@type\":\"EntryPoint\",\"urlTemplate\":\"https:\/\/constantinianorder.com\/?s={search_term_string}\"},\"query-input\":{\"@type\":\"PropertyValueSpecification\",\"valueRequired\":true,\"valueName\":\"search_term_string\"}}],\"inLanguage\":\"es\"},{\"@type\":\"Organization\",\"@id\":\"https:\/\/constantinianorder.com\/#organization\",\"name\":\"Sacro Militare Ordine Costantiniano di San Giorgio\",\"url\":\"https:\/\/constantinianorder.com\/\",\"logo\":{\"@type\":\"ImageObject\",\"inLanguage\":\"es\",\"@id\":\"https:\/\/constantinianorder.com\/#\/schema\/logo\/image\/\",\"url\":\"https:\/\/constantinianorder.com\/wp-content\/uploads\/2025\/10\/cropped-logo-costantiniano.png\",\"contentUrl\":\"https:\/\/constantinianorder.com\/wp-content\/uploads\/2025\/10\/cropped-logo-costantiniano.png\",\"width\":512,\"height\":512,\"caption\":\"Sacro Militare Ordine Costantiniano di San Giorgio\"},\"image\":{\"@id\":\"https:\/\/constantinianorder.com\/#\/schema\/logo\/image\/\"},\"sameAs\":[\"https:\/\/www.facebook.com\/constantinianorder\",\"https:\/\/www.instagram.com\/constantinianorder\/\",\"https:\/\/www.youtube.com\/@granmagisterodelsacromilit9375\"]},{\"@type\":\"Person\",\"@id\":\"https:\/\/constantinianorder.com\/#\/schema\/person\/5fb5b3aeaa71cb4acb8c3009756c9bd1\",\"name\":\"Terzo Editor Cancelleria\",\"url\":\"https:\/\/constantinianorder.com\/es\/author\/cancelleria3\/\"}]}<\/script>\n<!-- \/ Yoast SEO plugin. -->","yoast_head_json":{"title":"Mensaje de S.A.R. El Duque de Castro con ocasi\u00f3n de la fiesta de San Jorge. - Sacro Militare Ordine Costantiniano di San Giorgio","robots":{"index":"index","follow":"follow","max-snippet":"max-snippet:-1","max-image-preview":"max-image-preview:large","max-video-preview":"max-video-preview:-1"},"canonical":"https:\/\/constantinianorder.com\/es\/mensaje-de-s-a-r-el-duque-de-castro-con-ocasion-de-la-fiesta-de-san-jorge\/","og_locale":"es_ES","og_type":"article","og_title":"Mensaje de S.A.R. El Duque de Castro con ocasi\u00f3n de la fiesta de San Jorge. - Sacro Militare Ordine Costantiniano di San Giorgio","og_description":"S.A.R.el Pr\u00edncipe Carlos de Borb\u00f3n de las Dos Sicilias, Duque de Castro y Jefe de la Real Casa, dirige a los Caballeros y Damas sus m\u00e1s sentidas felicitaciones con ocasi\u00f3n de la fiesta de San Jorge. Al celebrar al Santo Patrono de la Orden Constantiniana, el Gran Maestro desea que su ejemplo contin\u00fae inspirando a [&hellip;]","og_url":"https:\/\/constantinianorder.com\/es\/mensaje-de-s-a-r-el-duque-de-castro-con-ocasion-de-la-fiesta-de-san-jorge\/","og_site_name":"Sacro Militare Ordine Costantiniano di San Giorgio","article_publisher":"https:\/\/www.facebook.com\/constantinianorder","article_published_time":"2026-04-22T13:58:25+00:00","article_modified_time":"2026-04-24T10:59:21+00:00","og_image":[{"width":378,"height":655,"url":"https:\/\/constantinianorder.com\/wp-content\/uploads\/2026\/04\/San-Giorgio-2026.webp","type":"image\/webp"}],"author":"Terzo Editor Cancelleria","twitter_card":"summary_large_image","twitter_misc":{"Escrito por":"Terzo Editor Cancelleria"},"schema":{"@context":"https:\/\/schema.org","@graph":[{"@type":"Article","@id":"https:\/\/constantinianorder.com\/es\/mensaje-de-s-a-r-el-duque-de-castro-con-ocasion-de-la-fiesta-de-san-jorge\/#article","isPartOf":{"@id":"https:\/\/constantinianorder.com\/es\/mensaje-de-s-a-r-el-duque-de-castro-con-ocasion-de-la-fiesta-de-san-jorge\/"},"author":{"name":"Terzo Editor Cancelleria","@id":"https:\/\/constantinianorder.com\/#\/schema\/person\/5fb5b3aeaa71cb4acb8c3009756c9bd1"},"headline":"Mensaje de S.A.R. El Duque de Castro con ocasi\u00f3n de la fiesta de San Jorge.","datePublished":"2026-04-22T13:58:25+00:00","dateModified":"2026-04-24T10:59:21+00:00","mainEntityOfPage":{"@id":"https:\/\/constantinianorder.com\/es\/mensaje-de-s-a-r-el-duque-de-castro-con-ocasion-de-la-fiesta-de-san-jorge\/"},"wordCount":117,"publisher":{"@id":"https:\/\/constantinianorder.com\/#organization"},"image":{"@id":"https:\/\/constantinianorder.com\/es\/mensaje-de-s-a-r-el-duque-de-castro-con-ocasion-de-la-fiesta-de-san-jorge\/#primaryimage"},"thumbnailUrl":"https:\/\/constantinianorder.com\/wp-content\/uploads\/2026\/04\/San-Giorgio-2026.jpeg","articleSection":["Comunicados del Gran Magisterio"],"inLanguage":"es"},{"@type":"WebPage","@id":"https:\/\/constantinianorder.com\/es\/mensaje-de-s-a-r-el-duque-de-castro-con-ocasion-de-la-fiesta-de-san-jorge\/","url":"https:\/\/constantinianorder.com\/es\/mensaje-de-s-a-r-el-duque-de-castro-con-ocasion-de-la-fiesta-de-san-jorge\/","name":"Mensaje de S.A.R. El Duque de Castro con ocasi\u00f3n de la fiesta de San Jorge. - Sacro Militare Ordine Costantiniano di San Giorgio","isPartOf":{"@id":"https:\/\/constantinianorder.com\/#website"},"primaryImageOfPage":{"@id":"https:\/\/constantinianorder.com\/es\/mensaje-de-s-a-r-el-duque-de-castro-con-ocasion-de-la-fiesta-de-san-jorge\/#primaryimage"},"image":{"@id":"https:\/\/constantinianorder.com\/es\/mensaje-de-s-a-r-el-duque-de-castro-con-ocasion-de-la-fiesta-de-san-jorge\/#primaryimage"},"thumbnailUrl":"https:\/\/constantinianorder.com\/wp-content\/uploads\/2026\/04\/San-Giorgio-2026.jpeg","datePublished":"2026-04-22T13:58:25+00:00","dateModified":"2026-04-24T10:59:21+00:00","breadcrumb":{"@id":"https:\/\/constantinianorder.com\/es\/mensaje-de-s-a-r-el-duque-de-castro-con-ocasion-de-la-fiesta-de-san-jorge\/#breadcrumb"},"inLanguage":"es","potentialAction":[{"@type":"ReadAction","target":["https:\/\/constantinianorder.com\/es\/mensaje-de-s-a-r-el-duque-de-castro-con-ocasion-de-la-fiesta-de-san-jorge\/"]}]},{"@type":"ImageObject","inLanguage":"es","@id":"https:\/\/constantinianorder.com\/es\/mensaje-de-s-a-r-el-duque-de-castro-con-ocasion-de-la-fiesta-de-san-jorge\/#primaryimage","url":"https:\/\/constantinianorder.com\/wp-content\/uploads\/2026\/04\/San-Giorgio-2026.jpeg","contentUrl":"https:\/\/constantinianorder.com\/wp-content\/uploads\/2026\/04\/San-Giorgio-2026.jpeg"},{"@type":"BreadcrumbList","@id":"https:\/\/constantinianorder.com\/es\/mensaje-de-s-a-r-el-duque-de-castro-con-ocasion-de-la-fiesta-de-san-jorge\/#breadcrumb","itemListElement":[{"@type":"ListItem","position":1,"name":"Home","item":"https:\/\/constantinianorder.com\/en\/"},{"@type":"ListItem","position":2,"name":"Mensaje de S.A.R. El Duque de Castro con ocasi\u00f3n de la fiesta de San Jorge."}]},{"@type":"WebSite","@id":"https:\/\/constantinianorder.com\/#website","url":"https:\/\/constantinianorder.com\/","name":"Sacro Militare Ordine Costantiniano di San Giorgio","description":"Ordine Ufficiale","publisher":{"@id":"https:\/\/constantinianorder.com\/#organization"},"potentialAction":[{"@type":"SearchAction","target":{"@type":"EntryPoint","urlTemplate":"https:\/\/constantinianorder.com\/?s={search_term_string}"},"query-input":{"@type":"PropertyValueSpecification","valueRequired":true,"valueName":"search_term_string"}}],"inLanguage":"es"},{"@type":"Organization","@id":"https:\/\/constantinianorder.com\/#organization","name":"Sacro Militare Ordine Costantiniano di San Giorgio","url":"https:\/\/constantinianorder.com\/","logo":{"@type":"ImageObject","inLanguage":"es","@id":"https:\/\/constantinianorder.com\/#\/schema\/logo\/image\/","url":"https:\/\/constantinianorder.com\/wp-content\/uploads\/2025\/10\/cropped-logo-costantiniano.png","contentUrl":"https:\/\/constantinianorder.com\/wp-content\/uploads\/2025\/10\/cropped-logo-costantiniano.png","width":512,"height":512,"caption":"Sacro Militare Ordine Costantiniano di San Giorgio"},"image":{"@id":"https:\/\/constantinianorder.com\/#\/schema\/logo\/image\/"},"sameAs":["https:\/\/www.facebook.com\/constantinianorder","https:\/\/www.instagram.com\/constantinianorder\/","https:\/\/www.youtube.com\/@granmagisterodelsacromilit9375"]},{"@type":"Person","@id":"https:\/\/constantinianorder.com\/#\/schema\/person\/5fb5b3aeaa71cb4acb8c3009756c9bd1","name":"Terzo Editor Cancelleria","url":"https:\/\/constantinianorder.com\/es\/author\/cancelleria3\/"}]}},"_links":{"self":[{"href":"https:\/\/constantinianorder.com\/es\/wp-json\/wp\/v2\/posts\/104844","targetHints":{"allow":["GET"]}}],"collection":[{"href":"https:\/\/constantinianorder.com\/es\/wp-json\/wp\/v2\/posts"}],"about":[{"href":"https:\/\/constantinianorder.com\/es\/wp-json\/wp\/v2\/types\/post"}],"author":[{"embeddable":true,"href":"https:\/\/constantinianorder.com\/es\/wp-json\/wp\/v2\/users\/10"}],"replies":[{"embeddable":true,"href":"https:\/\/constantinianorder.com\/es\/wp-json\/wp\/v2\/comments?post=104844"}],"version-history":[{"count":3,"href":"https:\/\/constantinianorder.com\/es\/wp-json\/wp\/v2\/posts\/104844\/revisions"}],"predecessor-version":[{"id":104929,"href":"https:\/\/constantinianorder.com\/es\/wp-json\/wp\/v2\/posts\/104844\/revisions\/104929"}],"wp:attachment":[{"href":"https:\/\/constantinianorder.com\/es\/wp-json\/wp\/v2\/media?parent=104844"}],"wp:term":[{"taxonomy":"category","embeddable":true,"href":"https:\/\/constantinianorder.com\/es\/wp-json\/wp\/v2\/categories?post=104844"},{"taxonomy":"post_tag","embeddable":true,"href":"https:\/\/constantinianorder.com\/es\/wp-json\/wp\/v2\/tags?post=104844"}],"curies":[{"name":"wp","href":"https:\/\/api.w.org\/{rel}","templated":true}]}}