{"id":104775,"date":"2026-04-21T12:26:58","date_gmt":"2026-04-21T12:26:58","guid":{"rendered":"https:\/\/constantinianorder.com\/mensaje-de-s-e-el-gran-prior-con-ocasion-de-la-festividad-de-san-jorge\/"},"modified":"2026-04-21T14:08:50","modified_gmt":"2026-04-21T14:08:50","slug":"mensaje-de-s-e-el-gran-prior-con-ocasion-de-la-festividad-de-san-jorge","status":"publish","type":"post","link":"https:\/\/constantinianorder.com\/es\/mensaje-de-s-e-el-gran-prior-con-ocasion-de-la-festividad-de-san-jorge\/","title":{"rendered":"Mensaje de S.E. el Gran Prior con ocasi\u00f3n de la festividad de San Jorge"},"content":{"rendered":"\n<p><\/p>\n\n<p>Querid\u00edsimos Caballeros y Damas,<\/p>\n\n<p>Con ocasi\u00f3n de la fiesta de San Jorge, glorioso m\u00e1rtir y patrono celestial de nuestra amada Orden, deseo hacer llegar a cada uno de ustedes mi cordial saludo, unido a un sentimiento de comuni\u00f3n fraterna, con el deseo de un renovado compromiso en la vida cristiana.<\/p>\n\n<p>La figura de San Jorge, tan querida en nuestra tradici\u00f3n, no pertenece solo a la memoria del pasado, sino que contin\u00faa interpelando el presente. Su testimonio, marcado por una fe clara y una fidelidad firme a Cristo hasta el martirio, nos recuerda la verdad de nuestra vocaci\u00f3n. Tambi\u00e9n hoy, en efecto, nos encontramos ante pruebas no menos exigentes: las tensiones entre los pueblos, las guerras sangrientas en numerosas regiones del mundo, la difusi\u00f3n de una cultura marcada por la contraposici\u00f3n, la violencia y el desprecio por la dignidad de la vida humana.  <\/p>\n\n<p>En este contexto, estamos llamados a comprender m\u00e1s profundamente el sentido de nuestra pertenencia a la Orden. La nuestra es una milicia que no se expresa en las armas, sino en el seguimiento del Evangelio; una milicia que encuentra en la oraci\u00f3n su fuerza y en la caridad su forma concreta. Es all\u00ed donde el cristiano libra la buena batalla: en el silencio orante y en el servicio generoso.  <\/p>\n\n<p>La paz, que tanto deseamos e invocamos, no puede ser impuesta desde el exterior, sino que nace de corazones reconciliados y renovados. Con palabras sencillas y al mismo tiempo exigentes, el Papa Le\u00f3n XIV, en su primer saludo, record\u00f3 a la Iglesia y al mundo: \u00ab\u00a1La paz sea con todos vosotros!\u00bb. Es un deseo que se convierte cada vez m\u00e1s en responsabilidad. Recibirlo significa dejarse educar en una paz que se construye ante todo en la oraci\u00f3n, \u201cde rodillas\u201d, y que se hace visible en las obras, en manos que se abren al encuentro y al compartir. Una paz \u2014como \u00e9l mismo ha recordado\u2014 \u00abdesarmada y desarmante\u00bb, capaz de tocar los corazones y transformar las relaciones.    <\/p>\n\n<p>En este horizonte se sit\u00faa tambi\u00e9n nuestra historia, que hunde sus ra\u00edces en los mismos inicios de la era cristiana. No se trata de una herencia que deba custodiarse solo exteriormente, sino de una tradici\u00f3n viva que pide ser constantemente encarnada en las decisiones y en las actitudes cotidianas. Las virtudes que caracterizan nuestro camino \u2014la fe, la justicia y la caridad\u2014 encuentran hoy un campo fecundo de ejercicio precisamente en la entrega a los m\u00e1s d\u00e9biles y en la promoci\u00f3n de la dignidad de cada persona.  <\/p>\n\n<p>En este d\u00eda, dirijo un respetuoso y sincero saludo a nuestro Gran Maestro, S. A. R. el Pr\u00edncipe Carlos de Borb\u00f3n de las Dos Sicilias, para que contin\u00fae guiando la Orden con sabidur\u00eda y esp\u00edritu de servicio, sosteniendo en todos nosotros el deseo de un testimonio cada vez m\u00e1s aut\u00e9ntico.<br\/> <br\/><\/p>\n\n<p>A cada uno de ustedes les renuevo la invitaci\u00f3n a vivir con conciencia y responsabilidad su pertenencia: no como un estatus social, sino como un compromiso concreto. Nuestro tiempo espera creyentes capaces de hacer el bien con discreci\u00f3n, de cuidar a quienes sufren y de construir lazos de fraternidad. Es en este camino donde nuestra presencia se vuelve cre\u00edble.<br\/> <br\/>  <\/p>\n\n<p>Confiamos nuestra oraci\u00f3n y nuestros votos a la intercesi\u00f3n de la Sant\u00edsima Virgen Mar\u00eda, Reina de los \u00c1ngeles y de los Santos, y de San Jorge.<br\/> <br\/><\/p>\n\n<p>Con afecto y bendici\u00f3n, Marcello Cardenal Semeraro<br\/>Gran Prior<\/p>\n","protected":false},"excerpt":{"rendered":"<p>Querid\u00edsimos Caballeros y Damas, Con ocasi\u00f3n de la fiesta de San Jorge, glorioso m\u00e1rtir y patrono celestial de nuestra amada Orden, deseo hacer llegar a cada uno de ustedes mi cordial saludo, unido a un sentimiento de comuni\u00f3n fraterna, con el deseo de un renovado compromiso en la vida cristiana. La figura de San Jorge, [&hellip;]<\/p>\n","protected":false},"author":10,"featured_media":0,"comment_status":"closed","ping_status":"closed","sticky":false,"template":"","format":"standard","meta":{"footnotes":""},"categories":[81],"tags":[],"class_list":["post-104775","post","type-post","status-publish","format-standard","hentry","category-comunicados-del-gran-magisterio"],"yoast_head":"<!-- This site is optimized with the Yoast SEO plugin v26.5 - https:\/\/yoast.com\/wordpress\/plugins\/seo\/ -->\n<title>Mensaje de S.E. el Gran Prior con ocasi\u00f3n de la festividad de San Jorge - Sacro Militare Ordine Costantiniano di San Giorgio<\/title>\n<meta name=\"robots\" content=\"index, follow, max-snippet:-1, max-image-preview:large, max-video-preview:-1\" \/>\n<link rel=\"canonical\" href=\"https:\/\/constantinianorder.com\/es\/mensaje-de-s-e-el-gran-prior-con-ocasion-de-la-festividad-de-san-jorge\/\" \/>\n<meta property=\"og:locale\" content=\"es_ES\" \/>\n<meta property=\"og:type\" content=\"article\" \/>\n<meta property=\"og:title\" content=\"Mensaje de S.E. el Gran Prior con ocasi\u00f3n de la festividad de San Jorge - Sacro Militare Ordine Costantiniano di San Giorgio\" \/>\n<meta property=\"og:description\" content=\"Querid\u00edsimos Caballeros y Damas, Con ocasi\u00f3n de la fiesta de San Jorge, glorioso m\u00e1rtir y patrono celestial de nuestra amada Orden, deseo hacer llegar a cada uno de ustedes mi cordial saludo, unido a un sentimiento de comuni\u00f3n fraterna, con el deseo de un renovado compromiso en la vida cristiana. La figura de San Jorge, [&hellip;]\" \/>\n<meta property=\"og:url\" content=\"https:\/\/constantinianorder.com\/es\/mensaje-de-s-e-el-gran-prior-con-ocasion-de-la-festividad-de-san-jorge\/\" \/>\n<meta property=\"og:site_name\" content=\"Sacro Militare Ordine Costantiniano di San Giorgio\" \/>\n<meta property=\"article:publisher\" content=\"https:\/\/www.facebook.com\/constantinianorder\" \/>\n<meta property=\"article:published_time\" content=\"2026-04-21T12:26:58+00:00\" \/>\n<meta property=\"article:modified_time\" content=\"2026-04-21T14:08:50+00:00\" \/>\n<meta name=\"author\" content=\"Terzo Editor Cancelleria\" \/>\n<meta name=\"twitter:card\" content=\"summary_large_image\" \/>\n<meta name=\"twitter:label1\" content=\"Escrito por\" \/>\n\t<meta name=\"twitter:data1\" content=\"Terzo Editor Cancelleria\" \/>\n\t<meta name=\"twitter:label2\" content=\"Tiempo de lectura\" \/>\n\t<meta name=\"twitter:data2\" content=\"3 minutos\" \/>\n<script type=\"application\/ld+json\" class=\"yoast-schema-graph\">{\"@context\":\"https:\/\/schema.org\",\"@graph\":[{\"@type\":\"Article\",\"@id\":\"https:\/\/constantinianorder.com\/es\/mensaje-de-s-e-el-gran-prior-con-ocasion-de-la-festividad-de-san-jorge\/#article\",\"isPartOf\":{\"@id\":\"https:\/\/constantinianorder.com\/es\/mensaje-de-s-e-el-gran-prior-con-ocasion-de-la-festividad-de-san-jorge\/\"},\"author\":{\"name\":\"Terzo Editor Cancelleria\",\"@id\":\"https:\/\/constantinianorder.com\/#\/schema\/person\/5fb5b3aeaa71cb4acb8c3009756c9bd1\"},\"headline\":\"Mensaje de S.E. el Gran Prior con ocasi\u00f3n de la festividad de San Jorge\",\"datePublished\":\"2026-04-21T12:26:58+00:00\",\"dateModified\":\"2026-04-21T14:08:50+00:00\",\"mainEntityOfPage\":{\"@id\":\"https:\/\/constantinianorder.com\/es\/mensaje-de-s-e-el-gran-prior-con-ocasion-de-la-festividad-de-san-jorge\/\"},\"wordCount\":611,\"publisher\":{\"@id\":\"https:\/\/constantinianorder.com\/#organization\"},\"articleSection\":[\"Comunicados del Gran Magisterio\"],\"inLanguage\":\"es\"},{\"@type\":\"WebPage\",\"@id\":\"https:\/\/constantinianorder.com\/es\/mensaje-de-s-e-el-gran-prior-con-ocasion-de-la-festividad-de-san-jorge\/\",\"url\":\"https:\/\/constantinianorder.com\/es\/mensaje-de-s-e-el-gran-prior-con-ocasion-de-la-festividad-de-san-jorge\/\",\"name\":\"Mensaje de S.E. el Gran Prior con ocasi\u00f3n de la festividad de San Jorge - Sacro Militare Ordine Costantiniano di San Giorgio\",\"isPartOf\":{\"@id\":\"https:\/\/constantinianorder.com\/#website\"},\"datePublished\":\"2026-04-21T12:26:58+00:00\",\"dateModified\":\"2026-04-21T14:08:50+00:00\",\"breadcrumb\":{\"@id\":\"https:\/\/constantinianorder.com\/es\/mensaje-de-s-e-el-gran-prior-con-ocasion-de-la-festividad-de-san-jorge\/#breadcrumb\"},\"inLanguage\":\"es\",\"potentialAction\":[{\"@type\":\"ReadAction\",\"target\":[\"https:\/\/constantinianorder.com\/es\/mensaje-de-s-e-el-gran-prior-con-ocasion-de-la-festividad-de-san-jorge\/\"]}]},{\"@type\":\"BreadcrumbList\",\"@id\":\"https:\/\/constantinianorder.com\/es\/mensaje-de-s-e-el-gran-prior-con-ocasion-de-la-festividad-de-san-jorge\/#breadcrumb\",\"itemListElement\":[{\"@type\":\"ListItem\",\"position\":1,\"name\":\"Home\",\"item\":\"https:\/\/constantinianorder.com\/en\/\"},{\"@type\":\"ListItem\",\"position\":2,\"name\":\"Mensaje de S.E. el Gran Prior con ocasi\u00f3n de la festividad de San Jorge\"}]},{\"@type\":\"WebSite\",\"@id\":\"https:\/\/constantinianorder.com\/#website\",\"url\":\"https:\/\/constantinianorder.com\/\",\"name\":\"Sacro Militare Ordine Costantiniano di San Giorgio\",\"description\":\"Ordine Ufficiale\",\"publisher\":{\"@id\":\"https:\/\/constantinianorder.com\/#organization\"},\"potentialAction\":[{\"@type\":\"SearchAction\",\"target\":{\"@type\":\"EntryPoint\",\"urlTemplate\":\"https:\/\/constantinianorder.com\/?s={search_term_string}\"},\"query-input\":{\"@type\":\"PropertyValueSpecification\",\"valueRequired\":true,\"valueName\":\"search_term_string\"}}],\"inLanguage\":\"es\"},{\"@type\":\"Organization\",\"@id\":\"https:\/\/constantinianorder.com\/#organization\",\"name\":\"Sacro Militare Ordine Costantiniano di San Giorgio\",\"url\":\"https:\/\/constantinianorder.com\/\",\"logo\":{\"@type\":\"ImageObject\",\"inLanguage\":\"es\",\"@id\":\"https:\/\/constantinianorder.com\/#\/schema\/logo\/image\/\",\"url\":\"https:\/\/constantinianorder.com\/wp-content\/uploads\/2025\/10\/cropped-logo-costantiniano.png\",\"contentUrl\":\"https:\/\/constantinianorder.com\/wp-content\/uploads\/2025\/10\/cropped-logo-costantiniano.png\",\"width\":512,\"height\":512,\"caption\":\"Sacro Militare Ordine Costantiniano di San Giorgio\"},\"image\":{\"@id\":\"https:\/\/constantinianorder.com\/#\/schema\/logo\/image\/\"},\"sameAs\":[\"https:\/\/www.facebook.com\/constantinianorder\",\"https:\/\/www.instagram.com\/constantinianorder\/\",\"https:\/\/www.youtube.com\/@granmagisterodelsacromilit9375\"]},{\"@type\":\"Person\",\"@id\":\"https:\/\/constantinianorder.com\/#\/schema\/person\/5fb5b3aeaa71cb4acb8c3009756c9bd1\",\"name\":\"Terzo Editor Cancelleria\",\"url\":\"https:\/\/constantinianorder.com\/es\/author\/cancelleria3\/\"}]}<\/script>\n<!-- \/ Yoast SEO plugin. -->","yoast_head_json":{"title":"Mensaje de S.E. el Gran Prior con ocasi\u00f3n de la festividad de San Jorge - Sacro Militare Ordine Costantiniano di San Giorgio","robots":{"index":"index","follow":"follow","max-snippet":"max-snippet:-1","max-image-preview":"max-image-preview:large","max-video-preview":"max-video-preview:-1"},"canonical":"https:\/\/constantinianorder.com\/es\/mensaje-de-s-e-el-gran-prior-con-ocasion-de-la-festividad-de-san-jorge\/","og_locale":"es_ES","og_type":"article","og_title":"Mensaje de S.E. el Gran Prior con ocasi\u00f3n de la festividad de San Jorge - Sacro Militare Ordine Costantiniano di San Giorgio","og_description":"Querid\u00edsimos Caballeros y Damas, Con ocasi\u00f3n de la fiesta de San Jorge, glorioso m\u00e1rtir y patrono celestial de nuestra amada Orden, deseo hacer llegar a cada uno de ustedes mi cordial saludo, unido a un sentimiento de comuni\u00f3n fraterna, con el deseo de un renovado compromiso en la vida cristiana. La figura de San Jorge, [&hellip;]","og_url":"https:\/\/constantinianorder.com\/es\/mensaje-de-s-e-el-gran-prior-con-ocasion-de-la-festividad-de-san-jorge\/","og_site_name":"Sacro Militare Ordine Costantiniano di San Giorgio","article_publisher":"https:\/\/www.facebook.com\/constantinianorder","article_published_time":"2026-04-21T12:26:58+00:00","article_modified_time":"2026-04-21T14:08:50+00:00","author":"Terzo Editor Cancelleria","twitter_card":"summary_large_image","twitter_misc":{"Escrito por":"Terzo Editor Cancelleria","Tiempo de lectura":"3 minutos"},"schema":{"@context":"https:\/\/schema.org","@graph":[{"@type":"Article","@id":"https:\/\/constantinianorder.com\/es\/mensaje-de-s-e-el-gran-prior-con-ocasion-de-la-festividad-de-san-jorge\/#article","isPartOf":{"@id":"https:\/\/constantinianorder.com\/es\/mensaje-de-s-e-el-gran-prior-con-ocasion-de-la-festividad-de-san-jorge\/"},"author":{"name":"Terzo Editor Cancelleria","@id":"https:\/\/constantinianorder.com\/#\/schema\/person\/5fb5b3aeaa71cb4acb8c3009756c9bd1"},"headline":"Mensaje de S.E. el Gran Prior con ocasi\u00f3n de la festividad de San Jorge","datePublished":"2026-04-21T12:26:58+00:00","dateModified":"2026-04-21T14:08:50+00:00","mainEntityOfPage":{"@id":"https:\/\/constantinianorder.com\/es\/mensaje-de-s-e-el-gran-prior-con-ocasion-de-la-festividad-de-san-jorge\/"},"wordCount":611,"publisher":{"@id":"https:\/\/constantinianorder.com\/#organization"},"articleSection":["Comunicados del Gran Magisterio"],"inLanguage":"es"},{"@type":"WebPage","@id":"https:\/\/constantinianorder.com\/es\/mensaje-de-s-e-el-gran-prior-con-ocasion-de-la-festividad-de-san-jorge\/","url":"https:\/\/constantinianorder.com\/es\/mensaje-de-s-e-el-gran-prior-con-ocasion-de-la-festividad-de-san-jorge\/","name":"Mensaje de S.E. el Gran Prior con ocasi\u00f3n de la festividad de San Jorge - Sacro Militare Ordine Costantiniano di San Giorgio","isPartOf":{"@id":"https:\/\/constantinianorder.com\/#website"},"datePublished":"2026-04-21T12:26:58+00:00","dateModified":"2026-04-21T14:08:50+00:00","breadcrumb":{"@id":"https:\/\/constantinianorder.com\/es\/mensaje-de-s-e-el-gran-prior-con-ocasion-de-la-festividad-de-san-jorge\/#breadcrumb"},"inLanguage":"es","potentialAction":[{"@type":"ReadAction","target":["https:\/\/constantinianorder.com\/es\/mensaje-de-s-e-el-gran-prior-con-ocasion-de-la-festividad-de-san-jorge\/"]}]},{"@type":"BreadcrumbList","@id":"https:\/\/constantinianorder.com\/es\/mensaje-de-s-e-el-gran-prior-con-ocasion-de-la-festividad-de-san-jorge\/#breadcrumb","itemListElement":[{"@type":"ListItem","position":1,"name":"Home","item":"https:\/\/constantinianorder.com\/en\/"},{"@type":"ListItem","position":2,"name":"Mensaje de S.E. el Gran Prior con ocasi\u00f3n de la festividad de San Jorge"}]},{"@type":"WebSite","@id":"https:\/\/constantinianorder.com\/#website","url":"https:\/\/constantinianorder.com\/","name":"Sacro Militare Ordine Costantiniano di San Giorgio","description":"Ordine Ufficiale","publisher":{"@id":"https:\/\/constantinianorder.com\/#organization"},"potentialAction":[{"@type":"SearchAction","target":{"@type":"EntryPoint","urlTemplate":"https:\/\/constantinianorder.com\/?s={search_term_string}"},"query-input":{"@type":"PropertyValueSpecification","valueRequired":true,"valueName":"search_term_string"}}],"inLanguage":"es"},{"@type":"Organization","@id":"https:\/\/constantinianorder.com\/#organization","name":"Sacro Militare Ordine Costantiniano di San Giorgio","url":"https:\/\/constantinianorder.com\/","logo":{"@type":"ImageObject","inLanguage":"es","@id":"https:\/\/constantinianorder.com\/#\/schema\/logo\/image\/","url":"https:\/\/constantinianorder.com\/wp-content\/uploads\/2025\/10\/cropped-logo-costantiniano.png","contentUrl":"https:\/\/constantinianorder.com\/wp-content\/uploads\/2025\/10\/cropped-logo-costantiniano.png","width":512,"height":512,"caption":"Sacro Militare Ordine Costantiniano di San Giorgio"},"image":{"@id":"https:\/\/constantinianorder.com\/#\/schema\/logo\/image\/"},"sameAs":["https:\/\/www.facebook.com\/constantinianorder","https:\/\/www.instagram.com\/constantinianorder\/","https:\/\/www.youtube.com\/@granmagisterodelsacromilit9375"]},{"@type":"Person","@id":"https:\/\/constantinianorder.com\/#\/schema\/person\/5fb5b3aeaa71cb4acb8c3009756c9bd1","name":"Terzo Editor Cancelleria","url":"https:\/\/constantinianorder.com\/es\/author\/cancelleria3\/"}]}},"_links":{"self":[{"href":"https:\/\/constantinianorder.com\/es\/wp-json\/wp\/v2\/posts\/104775","targetHints":{"allow":["GET"]}}],"collection":[{"href":"https:\/\/constantinianorder.com\/es\/wp-json\/wp\/v2\/posts"}],"about":[{"href":"https:\/\/constantinianorder.com\/es\/wp-json\/wp\/v2\/types\/post"}],"author":[{"embeddable":true,"href":"https:\/\/constantinianorder.com\/es\/wp-json\/wp\/v2\/users\/10"}],"replies":[{"embeddable":true,"href":"https:\/\/constantinianorder.com\/es\/wp-json\/wp\/v2\/comments?post=104775"}],"version-history":[{"count":1,"href":"https:\/\/constantinianorder.com\/es\/wp-json\/wp\/v2\/posts\/104775\/revisions"}],"predecessor-version":[{"id":104776,"href":"https:\/\/constantinianorder.com\/es\/wp-json\/wp\/v2\/posts\/104775\/revisions\/104776"}],"wp:attachment":[{"href":"https:\/\/constantinianorder.com\/es\/wp-json\/wp\/v2\/media?parent=104775"}],"wp:term":[{"taxonomy":"category","embeddable":true,"href":"https:\/\/constantinianorder.com\/es\/wp-json\/wp\/v2\/categories?post=104775"},{"taxonomy":"post_tag","embeddable":true,"href":"https:\/\/constantinianorder.com\/es\/wp-json\/wp\/v2\/tags?post=104775"}],"curies":[{"name":"wp","href":"https:\/\/api.w.org\/{rel}","templated":true}]}}