{"id":102729,"date":"2025-10-03T12:40:33","date_gmt":"2025-10-03T12:40:33","guid":{"rendered":"https:\/\/constantinianorder.com\/liguria-donacion-verano-2025\/"},"modified":"2026-02-24T14:39:51","modified_gmt":"2026-02-24T14:39:51","slug":"liguria-donacion-verano-2025","status":"publish","type":"post","link":"https:\/\/constantinianorder.com\/es\/liguria-donacion-verano-2025\/","title":{"rendered":"LIGURIA: DONACI\u00d3N VERANO 2025"},"content":{"rendered":"\n<p>El Delegado de la Orden Constantiniana para Liguria, Giovanni Chersola, junto con los hermanos Gerard Deiss y Antonio Esposito, llevaron diversos alimentos y art\u00edculos \u00fatiles y reconfortantes a las Hermanas Misioneras de la Caridad de Calcuta en G\u00e9nova, a la sede de Pra.<\/p>\n\n<p>Las donaciones realizadas a la sede de Pra, recaudadas gracias a la colaboraci\u00f3n de la Dra. Romina Paciotta, activa colaboradora de la Orden, y de los Voluntarios de la Asociaci\u00f3n \u00abLa Collina Verde nel Mediterraneo\u00bb, contribuyen de alguna manera a la labor diaria de apoyo y acogida que las Hermanas de Calcuta realizan para familias, especialmente ni\u00f1as, que se encuentran en graves dificultades, garantizando adem\u00e1s una distribuci\u00f3n constante de comidas. <\/p>\n\n<p>Como lo constatan desde hace varios a\u00f1os los Miembros ligures de la Orden Constantiniana en la distribuci\u00f3n selectiva de ayudas que realizan en la regi\u00f3n, hasta la frontera con Francia, el n\u00famero de personas necesitadas ha aumentado dr\u00e1sticamente.<\/p>\n","protected":false},"excerpt":{"rendered":"<p>El Delegado de la Orden Constantiniana para Liguria, Giovanni Chersola, junto con los hermanos Gerard Deiss y Antonio Esposito, llevaron diversos alimentos y art\u00edculos \u00fatiles y reconfortantes a las Hermanas Misioneras de la Caridad de Calcuta en G\u00e9nova, a la sede de Pra. Las donaciones realizadas a la sede de Pra, recaudadas gracias a la [&hellip;]<\/p>\n","protected":false},"author":1,"featured_media":92786,"comment_status":"closed","ping_status":"open","sticky":false,"template":"","format":"standard","meta":{"footnotes":""},"categories":[214],"tags":[],"class_list":["post-102729","post","type-post","status-publish","format-standard","has-post-thumbnail","hentry","category-delegacion-de-la-liguria"],"yoast_head":"<!-- This site is optimized with the Yoast SEO plugin v26.5 - https:\/\/yoast.com\/wordpress\/plugins\/seo\/ -->\n<title>LIGURIA: DONACI\u00d3N VERANO 2025 - Sacro Militare Ordine Costantiniano di San Giorgio<\/title>\n<meta name=\"robots\" content=\"index, follow, max-snippet:-1, max-image-preview:large, max-video-preview:-1\" \/>\n<link rel=\"canonical\" href=\"https:\/\/constantinianorder.com\/es\/liguria-donacion-verano-2025\/\" \/>\n<meta property=\"og:locale\" content=\"es_ES\" \/>\n<meta property=\"og:type\" content=\"article\" \/>\n<meta property=\"og:title\" content=\"LIGURIA: DONACI\u00d3N VERANO 2025 - Sacro Militare Ordine Costantiniano di San Giorgio\" \/>\n<meta property=\"og:description\" content=\"El Delegado de la Orden Constantiniana para Liguria, Giovanni Chersola, junto con los hermanos Gerard Deiss y Antonio Esposito, llevaron diversos alimentos y art\u00edculos \u00fatiles y reconfortantes a las Hermanas Misioneras de la Caridad de Calcuta en G\u00e9nova, a la sede de Pra. Las donaciones realizadas a la sede de Pra, recaudadas gracias a la [&hellip;]\" \/>\n<meta property=\"og:url\" content=\"https:\/\/constantinianorder.com\/es\/liguria-donacion-verano-2025\/\" \/>\n<meta property=\"og:site_name\" content=\"Sacro Militare Ordine Costantiniano di San Giorgio\" \/>\n<meta property=\"article:publisher\" content=\"https:\/\/www.facebook.com\/constantinianorder\" \/>\n<meta property=\"article:published_time\" content=\"2025-10-03T12:40:33+00:00\" \/>\n<meta property=\"article:modified_time\" content=\"2026-02-24T14:39:51+00:00\" \/>\n<meta property=\"og:image\" content=\"https:\/\/constantinianorder.com\/wp-content\/uploads\/2025\/10\/Donazione-alle-Suore-Missionarie-della-caritoa-di-Calcutta-a-Genova-Pra-1024x580-1.webp\" \/>\n\t<meta property=\"og:image:width\" content=\"592\" \/>\n\t<meta property=\"og:image:height\" content=\"444\" \/>\n\t<meta property=\"og:image:type\" content=\"image\/jpeg\" \/>\n<meta name=\"author\" content=\"admin\" \/>\n<meta name=\"twitter:card\" content=\"summary_large_image\" \/>\n<meta name=\"twitter:label1\" content=\"Escrito por\" \/>\n\t<meta name=\"twitter:data1\" content=\"admin\" \/>\n\t<meta name=\"twitter:label2\" content=\"Tiempo de lectura\" \/>\n\t<meta name=\"twitter:data2\" content=\"1 minuto\" \/>\n<script type=\"application\/ld+json\" class=\"yoast-schema-graph\">{\"@context\":\"https:\/\/schema.org\",\"@graph\":[{\"@type\":\"Article\",\"@id\":\"https:\/\/constantinianorder.com\/es\/liguria-donacion-verano-2025\/#article\",\"isPartOf\":{\"@id\":\"https:\/\/constantinianorder.com\/es\/liguria-donacion-verano-2025\/\"},\"author\":{\"name\":\"admin\",\"@id\":\"https:\/\/constantinianorder.com\/#\/schema\/person\/493f3b1475d575dcddda4ec923772c66\"},\"headline\":\"LIGURIA: DONACI\u00d3N VERANO 2025\",\"datePublished\":\"2025-10-03T12:40:33+00:00\",\"dateModified\":\"2026-02-24T14:39:51+00:00\",\"mainEntityOfPage\":{\"@id\":\"https:\/\/constantinianorder.com\/es\/liguria-donacion-verano-2025\/\"},\"wordCount\":167,\"publisher\":{\"@id\":\"https:\/\/constantinianorder.com\/#organization\"},\"image\":{\"@id\":\"https:\/\/constantinianorder.com\/es\/liguria-donacion-verano-2025\/#primaryimage\"},\"thumbnailUrl\":\"https:\/\/constantinianorder.com\/wp-content\/uploads\/2025\/10\/Donazione-alle-Suore-Missionarie-della-caritoa-di-Calcutta-a-Genova-Pra-1024x580-1.webp\",\"articleSection\":[\"Delegaci\u00f3n de la Liguria\"],\"inLanguage\":\"es\"},{\"@type\":\"WebPage\",\"@id\":\"https:\/\/constantinianorder.com\/es\/liguria-donacion-verano-2025\/\",\"url\":\"https:\/\/constantinianorder.com\/es\/liguria-donacion-verano-2025\/\",\"name\":\"LIGURIA: DONACI\u00d3N VERANO 2025 - Sacro Militare Ordine Costantiniano di San Giorgio\",\"isPartOf\":{\"@id\":\"https:\/\/constantinianorder.com\/#website\"},\"primaryImageOfPage\":{\"@id\":\"https:\/\/constantinianorder.com\/es\/liguria-donacion-verano-2025\/#primaryimage\"},\"image\":{\"@id\":\"https:\/\/constantinianorder.com\/es\/liguria-donacion-verano-2025\/#primaryimage\"},\"thumbnailUrl\":\"https:\/\/constantinianorder.com\/wp-content\/uploads\/2025\/10\/Donazione-alle-Suore-Missionarie-della-caritoa-di-Calcutta-a-Genova-Pra-1024x580-1.webp\",\"datePublished\":\"2025-10-03T12:40:33+00:00\",\"dateModified\":\"2026-02-24T14:39:51+00:00\",\"breadcrumb\":{\"@id\":\"https:\/\/constantinianorder.com\/es\/liguria-donacion-verano-2025\/#breadcrumb\"},\"inLanguage\":\"es\",\"potentialAction\":[{\"@type\":\"ReadAction\",\"target\":[\"https:\/\/constantinianorder.com\/es\/liguria-donacion-verano-2025\/\"]}]},{\"@type\":\"ImageObject\",\"inLanguage\":\"es\",\"@id\":\"https:\/\/constantinianorder.com\/es\/liguria-donacion-verano-2025\/#primaryimage\",\"url\":\"https:\/\/constantinianorder.com\/wp-content\/uploads\/2025\/10\/Donazione-alle-Suore-Missionarie-della-caritoa-di-Calcutta-a-Genova-Pra-1024x580-1.webp\",\"contentUrl\":\"https:\/\/constantinianorder.com\/wp-content\/uploads\/2025\/10\/Donazione-alle-Suore-Missionarie-della-caritoa-di-Calcutta-a-Genova-Pra-1024x580-1.webp\",\"width\":592,\"height\":444},{\"@type\":\"BreadcrumbList\",\"@id\":\"https:\/\/constantinianorder.com\/es\/liguria-donacion-verano-2025\/#breadcrumb\",\"itemListElement\":[{\"@type\":\"ListItem\",\"position\":1,\"name\":\"Home\",\"item\":\"https:\/\/constantinianorder.com\/en\/\"},{\"@type\":\"ListItem\",\"position\":2,\"name\":\"LIGURIA: DONACI\u00d3N VERANO 2025\"}]},{\"@type\":\"WebSite\",\"@id\":\"https:\/\/constantinianorder.com\/#website\",\"url\":\"https:\/\/constantinianorder.com\/\",\"name\":\"Sacro Militare Ordine Costantiniano di San Giorgio\",\"description\":\"Ordine Ufficiale\",\"publisher\":{\"@id\":\"https:\/\/constantinianorder.com\/#organization\"},\"potentialAction\":[{\"@type\":\"SearchAction\",\"target\":{\"@type\":\"EntryPoint\",\"urlTemplate\":\"https:\/\/constantinianorder.com\/?s={search_term_string}\"},\"query-input\":{\"@type\":\"PropertyValueSpecification\",\"valueRequired\":true,\"valueName\":\"search_term_string\"}}],\"inLanguage\":\"es\"},{\"@type\":\"Organization\",\"@id\":\"https:\/\/constantinianorder.com\/#organization\",\"name\":\"Sacro Militare Ordine Costantiniano di San Giorgio\",\"url\":\"https:\/\/constantinianorder.com\/\",\"logo\":{\"@type\":\"ImageObject\",\"inLanguage\":\"es\",\"@id\":\"https:\/\/constantinianorder.com\/#\/schema\/logo\/image\/\",\"url\":\"https:\/\/constantinianorder.com\/wp-content\/uploads\/2025\/10\/cropped-logo-costantiniano.png\",\"contentUrl\":\"https:\/\/constantinianorder.com\/wp-content\/uploads\/2025\/10\/cropped-logo-costantiniano.png\",\"width\":512,\"height\":512,\"caption\":\"Sacro Militare Ordine Costantiniano di San Giorgio\"},\"image\":{\"@id\":\"https:\/\/constantinianorder.com\/#\/schema\/logo\/image\/\"},\"sameAs\":[\"https:\/\/www.facebook.com\/constantinianorder\",\"https:\/\/www.instagram.com\/constantinianorder\/\",\"https:\/\/www.youtube.com\/@granmagisterodelsacromilit9375\"]},{\"@type\":\"Person\",\"@id\":\"https:\/\/constantinianorder.com\/#\/schema\/person\/493f3b1475d575dcddda4ec923772c66\",\"name\":\"admin\",\"sameAs\":[\"https:\/\/constantinianorder.com\"],\"url\":\"https:\/\/constantinianorder.com\/es\/author\/domain_jlukbpo7\/\"}]}<\/script>\n<!-- \/ Yoast SEO plugin. -->","yoast_head_json":{"title":"LIGURIA: DONACI\u00d3N VERANO 2025 - Sacro Militare Ordine Costantiniano di San Giorgio","robots":{"index":"index","follow":"follow","max-snippet":"max-snippet:-1","max-image-preview":"max-image-preview:large","max-video-preview":"max-video-preview:-1"},"canonical":"https:\/\/constantinianorder.com\/es\/liguria-donacion-verano-2025\/","og_locale":"es_ES","og_type":"article","og_title":"LIGURIA: DONACI\u00d3N VERANO 2025 - Sacro Militare Ordine Costantiniano di San Giorgio","og_description":"El Delegado de la Orden Constantiniana para Liguria, Giovanni Chersola, junto con los hermanos Gerard Deiss y Antonio Esposito, llevaron diversos alimentos y art\u00edculos \u00fatiles y reconfortantes a las Hermanas Misioneras de la Caridad de Calcuta en G\u00e9nova, a la sede de Pra. Las donaciones realizadas a la sede de Pra, recaudadas gracias a la [&hellip;]","og_url":"https:\/\/constantinianorder.com\/es\/liguria-donacion-verano-2025\/","og_site_name":"Sacro Militare Ordine Costantiniano di San Giorgio","article_publisher":"https:\/\/www.facebook.com\/constantinianorder","article_published_time":"2025-10-03T12:40:33+00:00","article_modified_time":"2026-02-24T14:39:51+00:00","og_image":[{"width":592,"height":444,"url":"https:\/\/constantinianorder.com\/wp-content\/uploads\/2025\/10\/Donazione-alle-Suore-Missionarie-della-caritoa-di-Calcutta-a-Genova-Pra-1024x580-1.webp","type":"image\/jpeg"}],"author":"admin","twitter_card":"summary_large_image","twitter_misc":{"Escrito por":"admin","Tiempo de lectura":"1 minuto"},"schema":{"@context":"https:\/\/schema.org","@graph":[{"@type":"Article","@id":"https:\/\/constantinianorder.com\/es\/liguria-donacion-verano-2025\/#article","isPartOf":{"@id":"https:\/\/constantinianorder.com\/es\/liguria-donacion-verano-2025\/"},"author":{"name":"admin","@id":"https:\/\/constantinianorder.com\/#\/schema\/person\/493f3b1475d575dcddda4ec923772c66"},"headline":"LIGURIA: DONACI\u00d3N VERANO 2025","datePublished":"2025-10-03T12:40:33+00:00","dateModified":"2026-02-24T14:39:51+00:00","mainEntityOfPage":{"@id":"https:\/\/constantinianorder.com\/es\/liguria-donacion-verano-2025\/"},"wordCount":167,"publisher":{"@id":"https:\/\/constantinianorder.com\/#organization"},"image":{"@id":"https:\/\/constantinianorder.com\/es\/liguria-donacion-verano-2025\/#primaryimage"},"thumbnailUrl":"https:\/\/constantinianorder.com\/wp-content\/uploads\/2025\/10\/Donazione-alle-Suore-Missionarie-della-caritoa-di-Calcutta-a-Genova-Pra-1024x580-1.webp","articleSection":["Delegaci\u00f3n de la Liguria"],"inLanguage":"es"},{"@type":"WebPage","@id":"https:\/\/constantinianorder.com\/es\/liguria-donacion-verano-2025\/","url":"https:\/\/constantinianorder.com\/es\/liguria-donacion-verano-2025\/","name":"LIGURIA: DONACI\u00d3N VERANO 2025 - Sacro Militare Ordine Costantiniano di San Giorgio","isPartOf":{"@id":"https:\/\/constantinianorder.com\/#website"},"primaryImageOfPage":{"@id":"https:\/\/constantinianorder.com\/es\/liguria-donacion-verano-2025\/#primaryimage"},"image":{"@id":"https:\/\/constantinianorder.com\/es\/liguria-donacion-verano-2025\/#primaryimage"},"thumbnailUrl":"https:\/\/constantinianorder.com\/wp-content\/uploads\/2025\/10\/Donazione-alle-Suore-Missionarie-della-caritoa-di-Calcutta-a-Genova-Pra-1024x580-1.webp","datePublished":"2025-10-03T12:40:33+00:00","dateModified":"2026-02-24T14:39:51+00:00","breadcrumb":{"@id":"https:\/\/constantinianorder.com\/es\/liguria-donacion-verano-2025\/#breadcrumb"},"inLanguage":"es","potentialAction":[{"@type":"ReadAction","target":["https:\/\/constantinianorder.com\/es\/liguria-donacion-verano-2025\/"]}]},{"@type":"ImageObject","inLanguage":"es","@id":"https:\/\/constantinianorder.com\/es\/liguria-donacion-verano-2025\/#primaryimage","url":"https:\/\/constantinianorder.com\/wp-content\/uploads\/2025\/10\/Donazione-alle-Suore-Missionarie-della-caritoa-di-Calcutta-a-Genova-Pra-1024x580-1.webp","contentUrl":"https:\/\/constantinianorder.com\/wp-content\/uploads\/2025\/10\/Donazione-alle-Suore-Missionarie-della-caritoa-di-Calcutta-a-Genova-Pra-1024x580-1.webp","width":592,"height":444},{"@type":"BreadcrumbList","@id":"https:\/\/constantinianorder.com\/es\/liguria-donacion-verano-2025\/#breadcrumb","itemListElement":[{"@type":"ListItem","position":1,"name":"Home","item":"https:\/\/constantinianorder.com\/en\/"},{"@type":"ListItem","position":2,"name":"LIGURIA: DONACI\u00d3N VERANO 2025"}]},{"@type":"WebSite","@id":"https:\/\/constantinianorder.com\/#website","url":"https:\/\/constantinianorder.com\/","name":"Sacro Militare Ordine Costantiniano di San Giorgio","description":"Ordine Ufficiale","publisher":{"@id":"https:\/\/constantinianorder.com\/#organization"},"potentialAction":[{"@type":"SearchAction","target":{"@type":"EntryPoint","urlTemplate":"https:\/\/constantinianorder.com\/?s={search_term_string}"},"query-input":{"@type":"PropertyValueSpecification","valueRequired":true,"valueName":"search_term_string"}}],"inLanguage":"es"},{"@type":"Organization","@id":"https:\/\/constantinianorder.com\/#organization","name":"Sacro Militare Ordine Costantiniano di San Giorgio","url":"https:\/\/constantinianorder.com\/","logo":{"@type":"ImageObject","inLanguage":"es","@id":"https:\/\/constantinianorder.com\/#\/schema\/logo\/image\/","url":"https:\/\/constantinianorder.com\/wp-content\/uploads\/2025\/10\/cropped-logo-costantiniano.png","contentUrl":"https:\/\/constantinianorder.com\/wp-content\/uploads\/2025\/10\/cropped-logo-costantiniano.png","width":512,"height":512,"caption":"Sacro Militare Ordine Costantiniano di San Giorgio"},"image":{"@id":"https:\/\/constantinianorder.com\/#\/schema\/logo\/image\/"},"sameAs":["https:\/\/www.facebook.com\/constantinianorder","https:\/\/www.instagram.com\/constantinianorder\/","https:\/\/www.youtube.com\/@granmagisterodelsacromilit9375"]},{"@type":"Person","@id":"https:\/\/constantinianorder.com\/#\/schema\/person\/493f3b1475d575dcddda4ec923772c66","name":"admin","sameAs":["https:\/\/constantinianorder.com"],"url":"https:\/\/constantinianorder.com\/es\/author\/domain_jlukbpo7\/"}]}},"_links":{"self":[{"href":"https:\/\/constantinianorder.com\/es\/wp-json\/wp\/v2\/posts\/102729","targetHints":{"allow":["GET"]}}],"collection":[{"href":"https:\/\/constantinianorder.com\/es\/wp-json\/wp\/v2\/posts"}],"about":[{"href":"https:\/\/constantinianorder.com\/es\/wp-json\/wp\/v2\/types\/post"}],"author":[{"embeddable":true,"href":"https:\/\/constantinianorder.com\/es\/wp-json\/wp\/v2\/users\/1"}],"replies":[{"embeddable":true,"href":"https:\/\/constantinianorder.com\/es\/wp-json\/wp\/v2\/comments?post=102729"}],"version-history":[{"count":1,"href":"https:\/\/constantinianorder.com\/es\/wp-json\/wp\/v2\/posts\/102729\/revisions"}],"predecessor-version":[{"id":102730,"href":"https:\/\/constantinianorder.com\/es\/wp-json\/wp\/v2\/posts\/102729\/revisions\/102730"}],"wp:featuredmedia":[{"embeddable":true,"href":"https:\/\/constantinianorder.com\/es\/wp-json\/wp\/v2\/media\/92786"}],"wp:attachment":[{"href":"https:\/\/constantinianorder.com\/es\/wp-json\/wp\/v2\/media?parent=102729"}],"wp:term":[{"taxonomy":"category","embeddable":true,"href":"https:\/\/constantinianorder.com\/es\/wp-json\/wp\/v2\/categories?post=102729"},{"taxonomy":"post_tag","embeddable":true,"href":"https:\/\/constantinianorder.com\/es\/wp-json\/wp\/v2\/tags?post=102729"}],"curies":[{"name":"wp","href":"https:\/\/api.w.org\/{rel}","templated":true}]}}