{"id":102296,"date":"2025-12-23T19:00:00","date_gmt":"2025-12-23T19:00:00","guid":{"rendered":"https:\/\/constantinianorder.com\/la-llama-olimpica-en-napoles-con-s-a-r-el-principe-carlos-de-borbon-de-las-dos-sicilias-entre-los-portadores-de-la-antorcha\/"},"modified":"2026-02-24T13:44:10","modified_gmt":"2026-02-24T13:44:10","slug":"la-llama-olimpica-en-napoles-con-s-a-r-el-principe-carlos-de-borbon-de-las-dos-sicilias-entre-los-portadores-de-la-antorcha","status":"publish","type":"post","link":"https:\/\/constantinianorder.com\/es\/la-llama-olimpica-en-napoles-con-s-a-r-el-principe-carlos-de-borbon-de-las-dos-sicilias-entre-los-portadores-de-la-antorcha\/","title":{"rendered":"La llama ol\u00edmpica en N\u00e1poles, con S.A.R. el Pr\u00edncipe Carlos de Borb\u00f3n de las Dos Sicilias entre los portadores de la antorcha."},"content":{"rendered":"\n<p><strong>N\u00e1poles, 23 de diciembre de 2025 <\/strong>&#8211; N\u00e1poles di\u00f3 la bienvenida a uno de los momentos m\u00e1s solemnes y simb\u00f3licos del camino hacia Mil\u00e1n-Cortina 2026. Su Alteza Real el Pr\u00edncipe Carlos de Borb\u00f3n de las Dos Sicilias, Duque de Castro y Jefe de la Real Casa, particip\u00f3 como portador de la antorcha ol\u00edmpica en la Ceremonia de la Llama Ol\u00edmpica, en la etapa napolitana del relevo que une al pa\u00eds en nombre del deporte, la paz y los valores universales.<br\/>La presencia del Pr\u00edncipe represent\u00f3 una s\u00edntesis natural de excelencia deportiva, responsabilidad institucional y compromiso social. Su profunda pasi\u00f3n por el deporte se expresa en una trayectoria de alto nivel: nueve veces campe\u00f3n del mundo de vela en la clase Smeralda 888, un ejemplo de disciplina, determinaci\u00f3n y esp\u00edritu de equipo, principios que encarnan plenamente el esp\u00edritu ol\u00edmpico.  <\/p>\n\n<p><br\/>Paralelamente a su carrera deportiva, mantiene su constante compromiso humanitario y c\u00edvico como Gran Maestro de la Sagrada Orden Militar Constantiniana de San Jorge, a trav\u00e9s del cual promueve y apoya iniciativas sanitarias, educativas, asistenciales y solidarias, especialmente dirigidas a los sectores m\u00e1s vulnerables de la sociedad, tanto en Italia como en el extranjero. Este compromiso, inspirado en los valores cristianos, la solidaridad y el servicio, es un componente central de su misi\u00f3n institucional y personal. <\/p>\n\n<p><br\/>Como confirmaci\u00f3n del reconocimiento internacional de este compromiso, la Sagrada Orden Militar Constantiniana de San Jorge goza de estatus consultivo especial ante el Consejo Econ\u00f3mico y Social de las Naciones Unidas (ECOSOC-ONU), testimonio de su papel activo en importantes cuestiones sociales y humanitarias a nivel mundial.<\/p>\n\n<p><br\/>Durante la ceremonia, Su Alteza Real el Pr\u00edncipe Carlos de Borb\u00f3n de las Dos Sicilias declar\u00f3:<br\/><em>\u00abllevar la Llama Ol\u00edmpica es un profundo honor y una gran responsabilidad. La Llama no solo representa el deporte, sino tambi\u00e9n lo que el deporte ense\u00f1a: respeto, sacrificio, solidaridad y esperanza. Estos son valores que he vivido como atleta y que sigo promoviendo a trav\u00e9s de mi compromiso institucional y humanitario. N\u00e1poles, con su alma y su historia, es el lugar ideal para renovar este mensaje universal\u00bb.<\/em><\/p>\n\n<p><br\/>La participaci\u00f3n del Pr\u00edncipe en la Ceremonia del Relevo de la Antorcha Ol\u00edmpica se inscribe as\u00ed en un recorrido coherente que une deporte, \u00e9tica y servicio comunitario, reafirmando el valor del deporte como instrumento de di\u00e1logo, inclusi\u00f3n y construcci\u00f3n de un futuro compartido.<\/p>\n","protected":false},"excerpt":{"rendered":"<p>N\u00e1poles, 23 de diciembre de 2025 &#8211; N\u00e1poles di\u00f3 la bienvenida a uno de los momentos m\u00e1s solemnes y simb\u00f3licos del camino hacia Mil\u00e1n-Cortina 2026. Su Alteza Real el Pr\u00edncipe Carlos de Borb\u00f3n de las Dos Sicilias, Duque de Castro y Jefe de la Real Casa, particip\u00f3 como portador de la antorcha ol\u00edmpica en la [&hellip;]<\/p>\n","protected":false},"author":5,"featured_media":0,"comment_status":"closed","ping_status":"closed","sticky":false,"template":"","format":"standard","meta":{"footnotes":""},"categories":[81,221],"tags":[],"class_list":["post-102296","post","type-post","status-publish","format-standard","hentry","category-comunicados-del-gran-magisterio","category-delegacion-de-campania"],"yoast_head":"<!-- This site is optimized with the Yoast SEO plugin v26.5 - https:\/\/yoast.com\/wordpress\/plugins\/seo\/ -->\n<title>La llama ol\u00edmpica en N\u00e1poles, con S.A.R. el Pr\u00edncipe Carlos de Borb\u00f3n de las Dos Sicilias entre los portadores de la antorcha. - Sacro Militare Ordine Costantiniano di San Giorgio<\/title>\n<meta name=\"robots\" content=\"index, follow, max-snippet:-1, max-image-preview:large, max-video-preview:-1\" \/>\n<link rel=\"canonical\" href=\"https:\/\/constantinianorder.com\/es\/la-llama-olimpica-en-napoles-con-s-a-r-el-principe-carlos-de-borbon-de-las-dos-sicilias-entre-los-portadores-de-la-antorcha\/\" \/>\n<meta property=\"og:locale\" content=\"es_ES\" \/>\n<meta property=\"og:type\" content=\"article\" \/>\n<meta property=\"og:title\" content=\"La llama ol\u00edmpica en N\u00e1poles, con S.A.R. el Pr\u00edncipe Carlos de Borb\u00f3n de las Dos Sicilias entre los portadores de la antorcha. - Sacro Militare Ordine Costantiniano di San Giorgio\" \/>\n<meta property=\"og:description\" content=\"N\u00e1poles, 23 de diciembre de 2025 &#8211; N\u00e1poles di\u00f3 la bienvenida a uno de los momentos m\u00e1s solemnes y simb\u00f3licos del camino hacia Mil\u00e1n-Cortina 2026. Su Alteza Real el Pr\u00edncipe Carlos de Borb\u00f3n de las Dos Sicilias, Duque de Castro y Jefe de la Real Casa, particip\u00f3 como portador de la antorcha ol\u00edmpica en la [&hellip;]\" \/>\n<meta property=\"og:url\" content=\"https:\/\/constantinianorder.com\/es\/la-llama-olimpica-en-napoles-con-s-a-r-el-principe-carlos-de-borbon-de-las-dos-sicilias-entre-los-portadores-de-la-antorcha\/\" \/>\n<meta property=\"og:site_name\" content=\"Sacro Militare Ordine Costantiniano di San Giorgio\" \/>\n<meta property=\"article:publisher\" content=\"https:\/\/www.facebook.com\/constantinianorder\" \/>\n<meta property=\"article:published_time\" content=\"2025-12-23T19:00:00+00:00\" \/>\n<meta property=\"article:modified_time\" content=\"2026-02-24T13:44:10+00:00\" \/>\n<meta name=\"author\" content=\"Editor Cancelleria\" \/>\n<meta name=\"twitter:card\" content=\"summary_large_image\" \/>\n<meta name=\"twitter:label1\" content=\"Escrito por\" \/>\n\t<meta name=\"twitter:data1\" content=\"Editor Cancelleria\" \/>\n\t<meta name=\"twitter:label2\" content=\"Tiempo de lectura\" \/>\n\t<meta name=\"twitter:data2\" content=\"2 minutos\" \/>\n<script type=\"application\/ld+json\" class=\"yoast-schema-graph\">{\"@context\":\"https:\/\/schema.org\",\"@graph\":[{\"@type\":\"Article\",\"@id\":\"https:\/\/constantinianorder.com\/es\/la-llama-olimpica-en-napoles-con-s-a-r-el-principe-carlos-de-borbon-de-las-dos-sicilias-entre-los-portadores-de-la-antorcha\/#article\",\"isPartOf\":{\"@id\":\"https:\/\/constantinianorder.com\/es\/la-llama-olimpica-en-napoles-con-s-a-r-el-principe-carlos-de-borbon-de-las-dos-sicilias-entre-los-portadores-de-la-antorcha\/\"},\"author\":{\"name\":\"Editor Cancelleria\",\"@id\":\"https:\/\/constantinianorder.com\/#\/schema\/person\/7ce661934266ce0ef0fb6017d14b1be1\"},\"headline\":\"La llama ol\u00edmpica en N\u00e1poles, con S.A.R. el Pr\u00edncipe Carlos de Borb\u00f3n de las Dos Sicilias entre los portadores de la antorcha.\",\"datePublished\":\"2025-12-23T19:00:00+00:00\",\"dateModified\":\"2026-02-24T13:44:10+00:00\",\"mainEntityOfPage\":{\"@id\":\"https:\/\/constantinianorder.com\/es\/la-llama-olimpica-en-napoles-con-s-a-r-el-principe-carlos-de-borbon-de-las-dos-sicilias-entre-los-portadores-de-la-antorcha\/\"},\"wordCount\":447,\"publisher\":{\"@id\":\"https:\/\/constantinianorder.com\/#organization\"},\"articleSection\":[\"Comunicados del Gran Magisterio\",\"Delegaci\u00f3n de Campania\"],\"inLanguage\":\"es\"},{\"@type\":\"WebPage\",\"@id\":\"https:\/\/constantinianorder.com\/es\/la-llama-olimpica-en-napoles-con-s-a-r-el-principe-carlos-de-borbon-de-las-dos-sicilias-entre-los-portadores-de-la-antorcha\/\",\"url\":\"https:\/\/constantinianorder.com\/es\/la-llama-olimpica-en-napoles-con-s-a-r-el-principe-carlos-de-borbon-de-las-dos-sicilias-entre-los-portadores-de-la-antorcha\/\",\"name\":\"La llama ol\u00edmpica en N\u00e1poles, con S.A.R. el Pr\u00edncipe Carlos de Borb\u00f3n de las Dos Sicilias entre los portadores de la antorcha. - Sacro Militare Ordine Costantiniano di San Giorgio\",\"isPartOf\":{\"@id\":\"https:\/\/constantinianorder.com\/#website\"},\"datePublished\":\"2025-12-23T19:00:00+00:00\",\"dateModified\":\"2026-02-24T13:44:10+00:00\",\"breadcrumb\":{\"@id\":\"https:\/\/constantinianorder.com\/es\/la-llama-olimpica-en-napoles-con-s-a-r-el-principe-carlos-de-borbon-de-las-dos-sicilias-entre-los-portadores-de-la-antorcha\/#breadcrumb\"},\"inLanguage\":\"es\",\"potentialAction\":[{\"@type\":\"ReadAction\",\"target\":[\"https:\/\/constantinianorder.com\/es\/la-llama-olimpica-en-napoles-con-s-a-r-el-principe-carlos-de-borbon-de-las-dos-sicilias-entre-los-portadores-de-la-antorcha\/\"]}]},{\"@type\":\"BreadcrumbList\",\"@id\":\"https:\/\/constantinianorder.com\/es\/la-llama-olimpica-en-napoles-con-s-a-r-el-principe-carlos-de-borbon-de-las-dos-sicilias-entre-los-portadores-de-la-antorcha\/#breadcrumb\",\"itemListElement\":[{\"@type\":\"ListItem\",\"position\":1,\"name\":\"Home\",\"item\":\"https:\/\/constantinianorder.com\/en\/\"},{\"@type\":\"ListItem\",\"position\":2,\"name\":\"La llama ol\u00edmpica en N\u00e1poles, con S.A.R. el Pr\u00edncipe Carlos de Borb\u00f3n de las Dos Sicilias entre los portadores de la antorcha.\"}]},{\"@type\":\"WebSite\",\"@id\":\"https:\/\/constantinianorder.com\/#website\",\"url\":\"https:\/\/constantinianorder.com\/\",\"name\":\"Sacro Militare Ordine Costantiniano di San Giorgio\",\"description\":\"Ordine Ufficiale\",\"publisher\":{\"@id\":\"https:\/\/constantinianorder.com\/#organization\"},\"potentialAction\":[{\"@type\":\"SearchAction\",\"target\":{\"@type\":\"EntryPoint\",\"urlTemplate\":\"https:\/\/constantinianorder.com\/?s={search_term_string}\"},\"query-input\":{\"@type\":\"PropertyValueSpecification\",\"valueRequired\":true,\"valueName\":\"search_term_string\"}}],\"inLanguage\":\"es\"},{\"@type\":\"Organization\",\"@id\":\"https:\/\/constantinianorder.com\/#organization\",\"name\":\"Sacro Militare Ordine Costantiniano di San Giorgio\",\"url\":\"https:\/\/constantinianorder.com\/\",\"logo\":{\"@type\":\"ImageObject\",\"inLanguage\":\"es\",\"@id\":\"https:\/\/constantinianorder.com\/#\/schema\/logo\/image\/\",\"url\":\"https:\/\/constantinianorder.com\/wp-content\/uploads\/2025\/10\/cropped-logo-costantiniano.png\",\"contentUrl\":\"https:\/\/constantinianorder.com\/wp-content\/uploads\/2025\/10\/cropped-logo-costantiniano.png\",\"width\":512,\"height\":512,\"caption\":\"Sacro Militare Ordine Costantiniano di San Giorgio\"},\"image\":{\"@id\":\"https:\/\/constantinianorder.com\/#\/schema\/logo\/image\/\"},\"sameAs\":[\"https:\/\/www.facebook.com\/constantinianorder\",\"https:\/\/www.instagram.com\/constantinianorder\/\",\"https:\/\/www.youtube.com\/@granmagisterodelsacromilit9375\"]},{\"@type\":\"Person\",\"@id\":\"https:\/\/constantinianorder.com\/#\/schema\/person\/7ce661934266ce0ef0fb6017d14b1be1\",\"name\":\"Editor Cancelleria\",\"url\":\"https:\/\/constantinianorder.com\/es\/author\/cancelleria\/\"}]}<\/script>\n<!-- \/ Yoast SEO plugin. -->","yoast_head_json":{"title":"La llama ol\u00edmpica en N\u00e1poles, con S.A.R. el Pr\u00edncipe Carlos de Borb\u00f3n de las Dos Sicilias entre los portadores de la antorcha. - Sacro Militare Ordine Costantiniano di San Giorgio","robots":{"index":"index","follow":"follow","max-snippet":"max-snippet:-1","max-image-preview":"max-image-preview:large","max-video-preview":"max-video-preview:-1"},"canonical":"https:\/\/constantinianorder.com\/es\/la-llama-olimpica-en-napoles-con-s-a-r-el-principe-carlos-de-borbon-de-las-dos-sicilias-entre-los-portadores-de-la-antorcha\/","og_locale":"es_ES","og_type":"article","og_title":"La llama ol\u00edmpica en N\u00e1poles, con S.A.R. el Pr\u00edncipe Carlos de Borb\u00f3n de las Dos Sicilias entre los portadores de la antorcha. - Sacro Militare Ordine Costantiniano di San Giorgio","og_description":"N\u00e1poles, 23 de diciembre de 2025 &#8211; N\u00e1poles di\u00f3 la bienvenida a uno de los momentos m\u00e1s solemnes y simb\u00f3licos del camino hacia Mil\u00e1n-Cortina 2026. Su Alteza Real el Pr\u00edncipe Carlos de Borb\u00f3n de las Dos Sicilias, Duque de Castro y Jefe de la Real Casa, particip\u00f3 como portador de la antorcha ol\u00edmpica en la [&hellip;]","og_url":"https:\/\/constantinianorder.com\/es\/la-llama-olimpica-en-napoles-con-s-a-r-el-principe-carlos-de-borbon-de-las-dos-sicilias-entre-los-portadores-de-la-antorcha\/","og_site_name":"Sacro Militare Ordine Costantiniano di San Giorgio","article_publisher":"https:\/\/www.facebook.com\/constantinianorder","article_published_time":"2025-12-23T19:00:00+00:00","article_modified_time":"2026-02-24T13:44:10+00:00","author":"Editor Cancelleria","twitter_card":"summary_large_image","twitter_misc":{"Escrito por":"Editor Cancelleria","Tiempo de lectura":"2 minutos"},"schema":{"@context":"https:\/\/schema.org","@graph":[{"@type":"Article","@id":"https:\/\/constantinianorder.com\/es\/la-llama-olimpica-en-napoles-con-s-a-r-el-principe-carlos-de-borbon-de-las-dos-sicilias-entre-los-portadores-de-la-antorcha\/#article","isPartOf":{"@id":"https:\/\/constantinianorder.com\/es\/la-llama-olimpica-en-napoles-con-s-a-r-el-principe-carlos-de-borbon-de-las-dos-sicilias-entre-los-portadores-de-la-antorcha\/"},"author":{"name":"Editor Cancelleria","@id":"https:\/\/constantinianorder.com\/#\/schema\/person\/7ce661934266ce0ef0fb6017d14b1be1"},"headline":"La llama ol\u00edmpica en N\u00e1poles, con S.A.R. el Pr\u00edncipe Carlos de Borb\u00f3n de las Dos Sicilias entre los portadores de la antorcha.","datePublished":"2025-12-23T19:00:00+00:00","dateModified":"2026-02-24T13:44:10+00:00","mainEntityOfPage":{"@id":"https:\/\/constantinianorder.com\/es\/la-llama-olimpica-en-napoles-con-s-a-r-el-principe-carlos-de-borbon-de-las-dos-sicilias-entre-los-portadores-de-la-antorcha\/"},"wordCount":447,"publisher":{"@id":"https:\/\/constantinianorder.com\/#organization"},"articleSection":["Comunicados del Gran Magisterio","Delegaci\u00f3n de Campania"],"inLanguage":"es"},{"@type":"WebPage","@id":"https:\/\/constantinianorder.com\/es\/la-llama-olimpica-en-napoles-con-s-a-r-el-principe-carlos-de-borbon-de-las-dos-sicilias-entre-los-portadores-de-la-antorcha\/","url":"https:\/\/constantinianorder.com\/es\/la-llama-olimpica-en-napoles-con-s-a-r-el-principe-carlos-de-borbon-de-las-dos-sicilias-entre-los-portadores-de-la-antorcha\/","name":"La llama ol\u00edmpica en N\u00e1poles, con S.A.R. el Pr\u00edncipe Carlos de Borb\u00f3n de las Dos Sicilias entre los portadores de la antorcha. - Sacro Militare Ordine Costantiniano di San Giorgio","isPartOf":{"@id":"https:\/\/constantinianorder.com\/#website"},"datePublished":"2025-12-23T19:00:00+00:00","dateModified":"2026-02-24T13:44:10+00:00","breadcrumb":{"@id":"https:\/\/constantinianorder.com\/es\/la-llama-olimpica-en-napoles-con-s-a-r-el-principe-carlos-de-borbon-de-las-dos-sicilias-entre-los-portadores-de-la-antorcha\/#breadcrumb"},"inLanguage":"es","potentialAction":[{"@type":"ReadAction","target":["https:\/\/constantinianorder.com\/es\/la-llama-olimpica-en-napoles-con-s-a-r-el-principe-carlos-de-borbon-de-las-dos-sicilias-entre-los-portadores-de-la-antorcha\/"]}]},{"@type":"BreadcrumbList","@id":"https:\/\/constantinianorder.com\/es\/la-llama-olimpica-en-napoles-con-s-a-r-el-principe-carlos-de-borbon-de-las-dos-sicilias-entre-los-portadores-de-la-antorcha\/#breadcrumb","itemListElement":[{"@type":"ListItem","position":1,"name":"Home","item":"https:\/\/constantinianorder.com\/en\/"},{"@type":"ListItem","position":2,"name":"La llama ol\u00edmpica en N\u00e1poles, con S.A.R. el Pr\u00edncipe Carlos de Borb\u00f3n de las Dos Sicilias entre los portadores de la antorcha."}]},{"@type":"WebSite","@id":"https:\/\/constantinianorder.com\/#website","url":"https:\/\/constantinianorder.com\/","name":"Sacro Militare Ordine Costantiniano di San Giorgio","description":"Ordine Ufficiale","publisher":{"@id":"https:\/\/constantinianorder.com\/#organization"},"potentialAction":[{"@type":"SearchAction","target":{"@type":"EntryPoint","urlTemplate":"https:\/\/constantinianorder.com\/?s={search_term_string}"},"query-input":{"@type":"PropertyValueSpecification","valueRequired":true,"valueName":"search_term_string"}}],"inLanguage":"es"},{"@type":"Organization","@id":"https:\/\/constantinianorder.com\/#organization","name":"Sacro Militare Ordine Costantiniano di San Giorgio","url":"https:\/\/constantinianorder.com\/","logo":{"@type":"ImageObject","inLanguage":"es","@id":"https:\/\/constantinianorder.com\/#\/schema\/logo\/image\/","url":"https:\/\/constantinianorder.com\/wp-content\/uploads\/2025\/10\/cropped-logo-costantiniano.png","contentUrl":"https:\/\/constantinianorder.com\/wp-content\/uploads\/2025\/10\/cropped-logo-costantiniano.png","width":512,"height":512,"caption":"Sacro Militare Ordine Costantiniano di San Giorgio"},"image":{"@id":"https:\/\/constantinianorder.com\/#\/schema\/logo\/image\/"},"sameAs":["https:\/\/www.facebook.com\/constantinianorder","https:\/\/www.instagram.com\/constantinianorder\/","https:\/\/www.youtube.com\/@granmagisterodelsacromilit9375"]},{"@type":"Person","@id":"https:\/\/constantinianorder.com\/#\/schema\/person\/7ce661934266ce0ef0fb6017d14b1be1","name":"Editor Cancelleria","url":"https:\/\/constantinianorder.com\/es\/author\/cancelleria\/"}]}},"_links":{"self":[{"href":"https:\/\/constantinianorder.com\/es\/wp-json\/wp\/v2\/posts\/102296","targetHints":{"allow":["GET"]}}],"collection":[{"href":"https:\/\/constantinianorder.com\/es\/wp-json\/wp\/v2\/posts"}],"about":[{"href":"https:\/\/constantinianorder.com\/es\/wp-json\/wp\/v2\/types\/post"}],"author":[{"embeddable":true,"href":"https:\/\/constantinianorder.com\/es\/wp-json\/wp\/v2\/users\/5"}],"replies":[{"embeddable":true,"href":"https:\/\/constantinianorder.com\/es\/wp-json\/wp\/v2\/comments?post=102296"}],"version-history":[{"count":7,"href":"https:\/\/constantinianorder.com\/es\/wp-json\/wp\/v2\/posts\/102296\/revisions"}],"predecessor-version":[{"id":102710,"href":"https:\/\/constantinianorder.com\/es\/wp-json\/wp\/v2\/posts\/102296\/revisions\/102710"}],"wp:attachment":[{"href":"https:\/\/constantinianorder.com\/es\/wp-json\/wp\/v2\/media?parent=102296"}],"wp:term":[{"taxonomy":"category","embeddable":true,"href":"https:\/\/constantinianorder.com\/es\/wp-json\/wp\/v2\/categories?post=102296"},{"taxonomy":"post_tag","embeddable":true,"href":"https:\/\/constantinianorder.com\/es\/wp-json\/wp\/v2\/tags?post=102296"}],"curies":[{"name":"wp","href":"https:\/\/api.w.org\/{rel}","templated":true}]}}