{"id":101912,"date":"2026-01-08T12:30:41","date_gmt":"2026-01-08T12:30:41","guid":{"rendered":"https:\/\/constantinianorder.com\/calabria-iniciativas-de-finales-de-2025-y-principios-de-2026\/"},"modified":"2026-02-24T09:19:41","modified_gmt":"2026-02-24T09:19:41","slug":"calabria-iniciativas-de-finales-de-2025-y-principios-de-2026","status":"publish","type":"post","link":"https:\/\/constantinianorder.com\/es\/calabria-iniciativas-de-finales-de-2025-y-principios-de-2026\/","title":{"rendered":"Calabria: iniciativas de finales de 2025 y principios de 2026<br>"},"content":{"rendered":"\n<figure class=\"wp-block-image aligncenter size-large\"><img decoding=\"async\" src=\"https:\/\/constantinianorder.com\/wp-content\/uploads\/2026\/01\/7-ottobre-1024x769.jpg\" alt=\"\" class=\"wp-image-100519\"\/><\/figure>\n\n<p>El pasado 7 de octubre, una representaci\u00f3n de la delegaci\u00f3n de Calabria, por invitaci\u00f3n de la Archicofrad\u00eda Maria SS del Rosario y San Giovanni Battista de Vibo Valentia, se uni\u00f3 con fe y devoci\u00f3n a la celebraci\u00f3n de la Santa Misa en honor a la Reina de las Victorias. La Santa Misa, celebrada por monse\u00f1or Filippo Ramondino, capell\u00e1n de la Sagrada Milicia de la ciudad de Vibo Valentia, fue partecipada y muy sentida.<br\/> <\/p>\n\n<figure class=\"wp-block-image aligncenter size-large\"><img fetchpriority=\"high\" decoding=\"async\" width=\"1024\" height=\"682\" src=\"https:\/\/constantinianorder.com\/wp-content\/uploads\/2026\/01\/10-ottobre-1024x682.webp\" alt=\"\" class=\"wp-image-100548\" srcset=\"https:\/\/constantinianorder.com\/wp-content\/uploads\/2026\/01\/10-ottobre-1024x682.webp 1024w, https:\/\/constantinianorder.com\/wp-content\/uploads\/2026\/01\/10-ottobre-300x200.webp 300w, https:\/\/constantinianorder.com\/wp-content\/uploads\/2026\/01\/10-ottobre-768x512.webp 768w, https:\/\/constantinianorder.com\/wp-content\/uploads\/2026\/01\/10-ottobre-1536x1023.webp 1536w, https:\/\/constantinianorder.com\/wp-content\/uploads\/2026\/01\/10-ottobre.webp 1600w\" sizes=\"(max-width: 1024px) 100vw, 1024px\" \/><\/figure>\n\n<p><br\/>El pasado 10 de octubre, la Delegaci\u00f3n de Calabria fue protagonista de un evento muy especial. En el Departamento de Pediatr\u00eda del Hospital de la Annunziata de Cosenza, de hecho, se llev\u00f3 a cabo la entrega de los \u00abdispositivos m\u00e9dicos\u00bb mejor clasificados como \u00abox\u00edmetros de pulso\u00bb, que servir\u00e1n para el seguimiento de los peque\u00f1os pacientes. Con motivo del A\u00f1o Jubilar, naci\u00f3 la idea de hacer algo tangible y el proyecto propuesto por Mons. Dario de Paola, capell\u00e1n de la Ciudad de Cosenza, fue inmediatamente adoptado por las m\u00e1s altas instituciones religiosas y c\u00edvicas de la ciudad. Se han ofrecido al Hospital siete dispositivos m\u00e9dicos y, sin duda, la protagonista de la donaci\u00f3n ha sido nuestra Delegaci\u00f3n de Calabria que, a trav\u00e9s del representante de la Ciudad de Cosenza, el Caballero Oficial de M\u00e9rito Francesco Paolo Piro, (presente oficialmente en el evento), destac\u00f3 la importancia de la elecci\u00f3n y la adhesi\u00f3n un\u00e1nime de todas las Damas y Caballeros para lograr el objetivo.     <\/p>\n\n<figure class=\"wp-block-image aligncenter size-large\"><img decoding=\"async\" width=\"1024\" height=\"769\" src=\"https:\/\/constantinianorder.com\/wp-content\/uploads\/2026\/01\/19-ottobre-1024x769.jpg\" alt=\"\" class=\"wp-image-100523\" srcset=\"https:\/\/constantinianorder.com\/wp-content\/uploads\/2026\/01\/19-ottobre-1024x769.jpg 1024w, https:\/\/constantinianorder.com\/wp-content\/uploads\/2026\/01\/19-ottobre-300x225.webp 300w, https:\/\/constantinianorder.com\/wp-content\/uploads\/2026\/01\/19-ottobre-768x576.jpg 768w, https:\/\/constantinianorder.com\/wp-content\/uploads\/2026\/01\/19-ottobre-1536x1153.jpg 1536w, https:\/\/constantinianorder.com\/wp-content\/uploads\/2026\/01\/19-ottobre.webp 1600w\" sizes=\"(max-width: 1024px) 100vw, 1024px\" \/><\/figure>\n\n<p>Polistena (RC), 19\/10\/2025 &#8211; Con motivo de la Jornada Misionera Mundial, la delegaci\u00f3n de Calabria ha realizado una donaci\u00f3n de alimentos, en particular dulces, para los peque\u00f1os asistidos por la asociaci\u00f3n de voluntariado \u00abIl Samaritano\u00bb.<br\/><\/p>\n\n<figure class=\"wp-block-image aligncenter size-full\"><img decoding=\"async\" width=\"960\" height=\"720\" src=\"https:\/\/constantinianorder.com\/wp-content\/uploads\/2026\/01\/20-ottobre.webp\" alt=\"\" class=\"wp-image-100527\" srcset=\"https:\/\/constantinianorder.com\/wp-content\/uploads\/2026\/01\/20-ottobre.webp 960w, https:\/\/constantinianorder.com\/wp-content\/uploads\/2026\/01\/20-ottobre-300x225.jpg 300w, https:\/\/constantinianorder.com\/wp-content\/uploads\/2026\/01\/20-ottobre-768x576.jpg 768w\" sizes=\"(max-width: 960px) 100vw, 960px\" \/><\/figure>\n\n<p>20 de octubre de 2025 &#8211; Un gesto renovado de Caridad Cristiana ha puesto de relieve el v\u00ednculo entre la Orden Militar Constantiniana de San Jorge y la comunidad de Crotone. En representaci\u00f3n de la Orden, el Caballero de M\u00e9rito Vito Michele De Caro y el Caballero de Gracia Antonio Oliverio, Representante de la ciudad, han respondido con prontitud al llamamiento del Comedor de Beneficencia \u00abPadre P\u00edo\u00bb, ofreciendo no solo una contribuci\u00f3n alimentaria, sino tambi\u00e9n su participaci\u00f3n activa y concreta: en la cocina y en la preparaci\u00f3n, as\u00ed como en el servicio de las comidas destinadas a las personas en dificultades. <\/p>\n\n<figure class=\"wp-block-image aligncenter size-large\"><img loading=\"lazy\" decoding=\"async\" width=\"1024\" height=\"932\" src=\"https:\/\/constantinianorder.com\/wp-content\/uploads\/2026\/01\/8-dicembre-1024x932.jpg\" alt=\"\" class=\"wp-image-100531\" srcset=\"https:\/\/constantinianorder.com\/wp-content\/uploads\/2026\/01\/8-dicembre-1024x932.jpg 1024w, https:\/\/constantinianorder.com\/wp-content\/uploads\/2026\/01\/8-dicembre-300x273.jpg 300w, https:\/\/constantinianorder.com\/wp-content\/uploads\/2026\/01\/8-dicembre-768x699.jpg 768w, https:\/\/constantinianorder.com\/wp-content\/uploads\/2026\/01\/8-dicembre.webp 1216w\" sizes=\"(max-width: 1024px) 100vw, 1024px\" \/><\/figure>\n\n<p>Reggio Calabria, 8 de diciembre &#8211; Con motivo de la solemnidad de la Inmaculada Concepci\u00f3n, el Caballero Oficial Antonino Campolo ha querido transformar esta celebraci\u00f3n en un signo tangible de cercan\u00eda y atenci\u00f3n hacia quienes viven situaciones de mayor fragilidad. En el territorio de la Parroquia de la Candelaria de Reggio Calabria, Campolo ha donado 60 comidas en porciones individuales, destinadas a los m\u00e1s necesitados, contribuyendo a ofrecer una ayuda inmediata y digna a personas y familias que atraviesan un momento de dificultad.<br\/> <\/p>\n\n<figure class=\"wp-block-image aligncenter size-full\"><img loading=\"lazy\" decoding=\"async\" width=\"720\" height=\"960\" src=\"https:\/\/constantinianorder.com\/wp-content\/uploads\/2026\/01\/27-dicembre.webp\" alt=\"\" class=\"wp-image-100535\" srcset=\"https:\/\/constantinianorder.com\/wp-content\/uploads\/2026\/01\/27-dicembre.webp 720w, https:\/\/constantinianorder.com\/wp-content\/uploads\/2026\/01\/27-dicembre-225x300.webp 225w\" sizes=\"(max-width: 720px) 100vw, 720px\" \/><\/figure>\n\n<p>27 de diciembre de 2025 &#8211; Se ha celebrado en el Palacio Arzobispal de Crotone un primer encuentro entre el nuevo Arzobispo de Crotone &#8211; Santa Severina, S.E.R. Monse\u00f1or Alberto Torriani, y una representaci\u00f3n de la Delegaci\u00f3n. El representante de la ciudad, el Caballero de Gracia Antonio Oliverio, el Caballero de Gracia Nicola Oliverio y el Caballero del M\u00e9rito Vito Michele De Caro han reconocido el encomiable af\u00e1n que anima a Monse\u00f1or Torriani: en su primer cargo episcopal, procedente de la di\u00f3cesis de Mil\u00e1n, inmediatamente identific\u00f3 los plazos dentro de los cuales promover y enraizar en el tejido social de la ciudad de pit\u00e1goras un compromiso compartido. <br\/>De modo que se ha precisado una perfecta comuni\u00f3n de intenciones en la particular atenci\u00f3n a las j\u00f3venes generaciones; igualmente, una particular dedicaci\u00f3n hacia los hermanos m\u00e1s fr\u00e1giles y marginados, que en Crotone son cada vez m\u00e1s numerosos y alimentan vastas bolsas de marginalidad, ha sido confirmada por el S.E.R. Monse\u00f1or Torriani, quien ha elogiado las numerosas actividades que los Caballeros de Crotone peri\u00f3dicamente realizan en favor del Comedor de los pobres \u00abPadre Pio\u00bb, activa desde 1997 y junto a la cual, el d\u00eda de Navidad, el mismo Arzobispo ha tra\u00eddo su saludo y su bendici\u00f3n.<\/p>\n\n<figure class=\"wp-block-image aligncenter size-full\"><img loading=\"lazy\" decoding=\"async\" width=\"720\" height=\"960\" src=\"https:\/\/constantinianorder.com\/wp-content\/uploads\/2026\/01\/23-dicembre.webp\" alt=\"\" class=\"wp-image-100540\" srcset=\"https:\/\/constantinianorder.com\/wp-content\/uploads\/2026\/01\/23-dicembre.webp 720w, https:\/\/constantinianorder.com\/wp-content\/uploads\/2026\/01\/23-dicembre-225x300.webp 225w\" sizes=\"(max-width: 720px) 100vw, 720px\" \/><\/figure>\n\n<p>23 de diciembre de 2025 &#8211; Se ha reforzado a\u00fan m\u00e1s la relaci\u00f3n entre la Sagrada Orden Militar Constantiniana de San Jorge y la comunidad de Crotone, precisando el verdadero esp\u00edritu de la Navidad. Una vez m\u00e1s, para albergar una iniciativa de la Orden Constantiniana, fue el Comedor de los Pobres \u00abPadre Pio\u00bb. En nombre de la Delegaci\u00f3n de Calabria, el Caballero de M\u00e9rito Vito Michele De Caro y el Caballero de Gracia Antonio Oliverio, Representante del Ciudadano, han hecho una donaci\u00f3n alimenticia; cocinado y por lo tanto servido el almuerzo a un n\u00famero de personas a\u00fan m\u00e1s consistente que otras ocasiones. Los Caballeros Oliverio y De Caro donaron alrededor de ochenta rebanadas de carne magra y otras tantas porciones de carne de pollo. Luego, ayudados por las voluntarias de la cafeter\u00eda, prepararon todo. El primer plato era una maxi-bandeja de pasta al horno cocinada con paciencia y amor por las propias voluntarias. Por \u00faltimo, Antonio Oliverio y Michele De Caro sirvieron personalmente las comidas a los usuarios del comedor. Ha terminado la jornada de solidaridad con el intercambio de los deseos para la Santa Navidad y la bendici\u00f3n impartida por monse\u00f1or Limina a los Caballeros Constantinianos y a las voluntarias de la estructura diocesana.       <\/p>\n\n<figure class=\"wp-block-image aligncenter size-large\"><img loading=\"lazy\" decoding=\"async\" width=\"1024\" height=\"771\" src=\"https:\/\/constantinianorder.com\/wp-content\/uploads\/2026\/01\/3-gennaio-1024x771.webp\" alt=\"\" class=\"wp-image-100544\" srcset=\"https:\/\/constantinianorder.com\/wp-content\/uploads\/2026\/01\/3-gennaio-1024x771.webp 1024w, https:\/\/constantinianorder.com\/wp-content\/uploads\/2026\/01\/3-gennaio-300x226.webp 300w, https:\/\/constantinianorder.com\/wp-content\/uploads\/2026\/01\/3-gennaio-768x578.webp 768w, https:\/\/constantinianorder.com\/wp-content\/uploads\/2026\/01\/3-gennaio-1536x1157.webp 1536w, https:\/\/constantinianorder.com\/wp-content\/uploads\/2026\/01\/3-gennaio.webp 1920w\" sizes=\"(max-width: 1024px) 100vw, 1024px\" \/><\/figure>\n\n<p>El s\u00e1bado 3 de enero de 2026, a las 17.30 horas, en la Iglesia de Santa Catalina en Gioiosa Ionica, se celebr\u00f3 una solemne misa con motivo del aniversario del tr\u00e1nsito piadoso del Siervo de Dios Francisco II de Borb\u00f3n, \u00faltimo soberano del Reino de las Dos Sicilias.<br\/>La iniciativa ha sido promovida por la Asociaci\u00f3n Cultural Dos Sicilias de Gioiosa Ionica, en colaboraci\u00f3n con la Delegaci\u00f3n de Calabria, con el fin de custodiar y transmitir la memoria hist\u00f3rica y espiritual vinculada a la figura de Francisco II.<br\/>La celebraci\u00f3n eucar\u00edstica ha sido presidida por el Can\u00f3nigo don Nicola Commisso Meleca, Caballero de Gracia Eclesi\u00e1stico del S.M.O.C.S.G., que durante la liturgia ha recordado los valores cristianos de fe, humildad y testimonio vividos por el Siervo de Dios, subrayando el significado espiritual de su piadoso tr\u00e1nsito.<br\/>Al final de la Santa Misa se ha celebrado un momento de reflexi\u00f3n sobre el tema \u00abMemoria y identidad\u00bb, a cargo de la profesora Mariolina Spadaro, durante el cual se ha profundizado en el valor de la memoria hist\u00f3rica como elemento fundacional de la identidad cultural y espiritual de los pueblos. con especial referencia a la tradici\u00f3n del Reino de las Dos Sicilias y su herencia moral.<br\/>El evento, que ha representado un momento de recogimiento, reflexi\u00f3n y intercambio, ha visto una presencia participada de fieles, caballeros y socios, testimoniando un vivo inter\u00e9s por iniciativas que unen espiritualidad, historia y identidad cultural.<\/p>\n","protected":false},"excerpt":{"rendered":"<p>El pasado 7 de octubre, una representaci\u00f3n de la delegaci\u00f3n de Calabria, por invitaci\u00f3n de la Archicofrad\u00eda Maria SS del Rosario y San Giovanni Battista de Vibo Valentia, se uni\u00f3 con fe y devoci\u00f3n a la celebraci\u00f3n de la Santa Misa en honor a la Reina de las Victorias. La Santa Misa, celebrada por monse\u00f1or [&hellip;]<\/p>\n","protected":false},"author":5,"featured_media":0,"comment_status":"closed","ping_status":"closed","sticky":false,"template":"","format":"standard","meta":{"footnotes":""},"categories":[213],"tags":[],"class_list":["post-101912","post","type-post","status-publish","format-standard","hentry","category-delegacion-de-la-calabria"],"yoast_head":"<!-- This site is optimized with the Yoast SEO plugin v26.5 - https:\/\/yoast.com\/wordpress\/plugins\/seo\/ -->\n<title>Calabria: iniciativas de finales de 2025 y principios de 2026 - Sacro Militare Ordine Costantiniano di San Giorgio<\/title>\n<meta name=\"robots\" content=\"index, follow, max-snippet:-1, max-image-preview:large, max-video-preview:-1\" \/>\n<link rel=\"canonical\" href=\"https:\/\/constantinianorder.com\/es\/calabria-iniciativas-de-finales-de-2025-y-principios-de-2026\/\" \/>\n<meta property=\"og:locale\" content=\"es_ES\" \/>\n<meta property=\"og:type\" content=\"article\" \/>\n<meta property=\"og:title\" content=\"Calabria: iniciativas de finales de 2025 y principios de 2026 - Sacro Militare Ordine Costantiniano di San Giorgio\" \/>\n<meta property=\"og:description\" content=\"El pasado 7 de octubre, una representaci\u00f3n de la delegaci\u00f3n de Calabria, por invitaci\u00f3n de la Archicofrad\u00eda Maria SS del Rosario y San Giovanni Battista de Vibo Valentia, se uni\u00f3 con fe y devoci\u00f3n a la celebraci\u00f3n de la Santa Misa en honor a la Reina de las Victorias. La Santa Misa, celebrada por monse\u00f1or [&hellip;]\" \/>\n<meta property=\"og:url\" content=\"https:\/\/constantinianorder.com\/es\/calabria-iniciativas-de-finales-de-2025-y-principios-de-2026\/\" \/>\n<meta property=\"og:site_name\" content=\"Sacro Militare Ordine Costantiniano di San Giorgio\" \/>\n<meta property=\"article:publisher\" content=\"https:\/\/www.facebook.com\/constantinianorder\" \/>\n<meta property=\"article:published_time\" content=\"2026-01-08T12:30:41+00:00\" \/>\n<meta property=\"article:modified_time\" content=\"2026-02-24T09:19:41+00:00\" \/>\n<meta property=\"og:image\" content=\"https:\/\/constantinianorder.com\/wp-content\/uploads\/2026\/01\/7-ottobre.webp\" \/>\n\t<meta property=\"og:image:width\" content=\"1600\" \/>\n\t<meta property=\"og:image:height\" content=\"1201\" \/>\n\t<meta property=\"og:image:type\" content=\"image\/webp\" \/>\n<meta name=\"author\" content=\"Editor Cancelleria\" \/>\n<meta name=\"twitter:card\" content=\"summary_large_image\" \/>\n<meta name=\"twitter:label1\" content=\"Escrito por\" \/>\n\t<meta name=\"twitter:data1\" content=\"Editor Cancelleria\" \/>\n\t<meta name=\"twitter:label2\" content=\"Tiempo de lectura\" \/>\n\t<meta name=\"twitter:data2\" content=\"6 minutos\" \/>\n<script type=\"application\/ld+json\" class=\"yoast-schema-graph\">{\"@context\":\"https:\/\/schema.org\",\"@graph\":[{\"@type\":\"Article\",\"@id\":\"https:\/\/constantinianorder.com\/es\/calabria-iniciativas-de-finales-de-2025-y-principios-de-2026\/#article\",\"isPartOf\":{\"@id\":\"https:\/\/constantinianorder.com\/es\/calabria-iniciativas-de-finales-de-2025-y-principios-de-2026\/\"},\"author\":{\"name\":\"Editor Cancelleria\",\"@id\":\"https:\/\/constantinianorder.com\/#\/schema\/person\/7ce661934266ce0ef0fb6017d14b1be1\"},\"headline\":\"Calabria: iniciativas de finales de 2025 y principios de 2026\",\"datePublished\":\"2026-01-08T12:30:41+00:00\",\"dateModified\":\"2026-02-24T09:19:41+00:00\",\"mainEntityOfPage\":{\"@id\":\"https:\/\/constantinianorder.com\/es\/calabria-iniciativas-de-finales-de-2025-y-principios-de-2026\/\"},\"wordCount\":1195,\"publisher\":{\"@id\":\"https:\/\/constantinianorder.com\/#organization\"},\"image\":{\"@id\":\"https:\/\/constantinianorder.com\/es\/calabria-iniciativas-de-finales-de-2025-y-principios-de-2026\/#primaryimage\"},\"thumbnailUrl\":\"https:\/\/constantinianorder.com\/wp-content\/uploads\/2026\/01\/7-ottobre-1024x769.jpg\",\"articleSection\":[\"Delegaci\u00f3n de la Calabria\"],\"inLanguage\":\"es\"},{\"@type\":\"WebPage\",\"@id\":\"https:\/\/constantinianorder.com\/es\/calabria-iniciativas-de-finales-de-2025-y-principios-de-2026\/\",\"url\":\"https:\/\/constantinianorder.com\/es\/calabria-iniciativas-de-finales-de-2025-y-principios-de-2026\/\",\"name\":\"Calabria: iniciativas de finales de 2025 y principios de 2026 - Sacro Militare Ordine Costantiniano di San Giorgio\",\"isPartOf\":{\"@id\":\"https:\/\/constantinianorder.com\/#website\"},\"primaryImageOfPage\":{\"@id\":\"https:\/\/constantinianorder.com\/es\/calabria-iniciativas-de-finales-de-2025-y-principios-de-2026\/#primaryimage\"},\"image\":{\"@id\":\"https:\/\/constantinianorder.com\/es\/calabria-iniciativas-de-finales-de-2025-y-principios-de-2026\/#primaryimage\"},\"thumbnailUrl\":\"https:\/\/constantinianorder.com\/wp-content\/uploads\/2026\/01\/7-ottobre-1024x769.jpg\",\"datePublished\":\"2026-01-08T12:30:41+00:00\",\"dateModified\":\"2026-02-24T09:19:41+00:00\",\"breadcrumb\":{\"@id\":\"https:\/\/constantinianorder.com\/es\/calabria-iniciativas-de-finales-de-2025-y-principios-de-2026\/#breadcrumb\"},\"inLanguage\":\"es\",\"potentialAction\":[{\"@type\":\"ReadAction\",\"target\":[\"https:\/\/constantinianorder.com\/es\/calabria-iniciativas-de-finales-de-2025-y-principios-de-2026\/\"]}]},{\"@type\":\"ImageObject\",\"inLanguage\":\"es\",\"@id\":\"https:\/\/constantinianorder.com\/es\/calabria-iniciativas-de-finales-de-2025-y-principios-de-2026\/#primaryimage\",\"url\":\"https:\/\/constantinianorder.com\/wp-content\/uploads\/2026\/01\/7-ottobre-1024x769.jpg\",\"contentUrl\":\"https:\/\/constantinianorder.com\/wp-content\/uploads\/2026\/01\/7-ottobre-1024x769.jpg\"},{\"@type\":\"BreadcrumbList\",\"@id\":\"https:\/\/constantinianorder.com\/es\/calabria-iniciativas-de-finales-de-2025-y-principios-de-2026\/#breadcrumb\",\"itemListElement\":[{\"@type\":\"ListItem\",\"position\":1,\"name\":\"Home\",\"item\":\"https:\/\/constantinianorder.com\/en\/\"},{\"@type\":\"ListItem\",\"position\":2,\"name\":\"Calabria: iniciativas de finales de 2025 y principios de 2026\"}]},{\"@type\":\"WebSite\",\"@id\":\"https:\/\/constantinianorder.com\/#website\",\"url\":\"https:\/\/constantinianorder.com\/\",\"name\":\"Sacro Militare Ordine Costantiniano di San Giorgio\",\"description\":\"Ordine Ufficiale\",\"publisher\":{\"@id\":\"https:\/\/constantinianorder.com\/#organization\"},\"potentialAction\":[{\"@type\":\"SearchAction\",\"target\":{\"@type\":\"EntryPoint\",\"urlTemplate\":\"https:\/\/constantinianorder.com\/?s={search_term_string}\"},\"query-input\":{\"@type\":\"PropertyValueSpecification\",\"valueRequired\":true,\"valueName\":\"search_term_string\"}}],\"inLanguage\":\"es\"},{\"@type\":\"Organization\",\"@id\":\"https:\/\/constantinianorder.com\/#organization\",\"name\":\"Sacro Militare Ordine Costantiniano di San Giorgio\",\"url\":\"https:\/\/constantinianorder.com\/\",\"logo\":{\"@type\":\"ImageObject\",\"inLanguage\":\"es\",\"@id\":\"https:\/\/constantinianorder.com\/#\/schema\/logo\/image\/\",\"url\":\"https:\/\/constantinianorder.com\/wp-content\/uploads\/2025\/10\/cropped-logo-costantiniano.png\",\"contentUrl\":\"https:\/\/constantinianorder.com\/wp-content\/uploads\/2025\/10\/cropped-logo-costantiniano.png\",\"width\":512,\"height\":512,\"caption\":\"Sacro Militare Ordine Costantiniano di San Giorgio\"},\"image\":{\"@id\":\"https:\/\/constantinianorder.com\/#\/schema\/logo\/image\/\"},\"sameAs\":[\"https:\/\/www.facebook.com\/constantinianorder\",\"https:\/\/www.instagram.com\/constantinianorder\/\",\"https:\/\/www.youtube.com\/@granmagisterodelsacromilit9375\"]},{\"@type\":\"Person\",\"@id\":\"https:\/\/constantinianorder.com\/#\/schema\/person\/7ce661934266ce0ef0fb6017d14b1be1\",\"name\":\"Editor Cancelleria\",\"url\":\"https:\/\/constantinianorder.com\/es\/author\/cancelleria\/\"}]}<\/script>\n<!-- \/ Yoast SEO plugin. -->","yoast_head_json":{"title":"Calabria: iniciativas de finales de 2025 y principios de 2026 - Sacro Militare Ordine Costantiniano di San Giorgio","robots":{"index":"index","follow":"follow","max-snippet":"max-snippet:-1","max-image-preview":"max-image-preview:large","max-video-preview":"max-video-preview:-1"},"canonical":"https:\/\/constantinianorder.com\/es\/calabria-iniciativas-de-finales-de-2025-y-principios-de-2026\/","og_locale":"es_ES","og_type":"article","og_title":"Calabria: iniciativas de finales de 2025 y principios de 2026 - Sacro Militare Ordine Costantiniano di San Giorgio","og_description":"El pasado 7 de octubre, una representaci\u00f3n de la delegaci\u00f3n de Calabria, por invitaci\u00f3n de la Archicofrad\u00eda Maria SS del Rosario y San Giovanni Battista de Vibo Valentia, se uni\u00f3 con fe y devoci\u00f3n a la celebraci\u00f3n de la Santa Misa en honor a la Reina de las Victorias. La Santa Misa, celebrada por monse\u00f1or [&hellip;]","og_url":"https:\/\/constantinianorder.com\/es\/calabria-iniciativas-de-finales-de-2025-y-principios-de-2026\/","og_site_name":"Sacro Militare Ordine Costantiniano di San Giorgio","article_publisher":"https:\/\/www.facebook.com\/constantinianorder","article_published_time":"2026-01-08T12:30:41+00:00","article_modified_time":"2026-02-24T09:19:41+00:00","og_image":[{"width":1600,"height":1201,"url":"https:\/\/constantinianorder.com\/wp-content\/uploads\/2026\/01\/7-ottobre.webp","type":"image\/webp"}],"author":"Editor Cancelleria","twitter_card":"summary_large_image","twitter_misc":{"Escrito por":"Editor Cancelleria","Tiempo de lectura":"6 minutos"},"schema":{"@context":"https:\/\/schema.org","@graph":[{"@type":"Article","@id":"https:\/\/constantinianorder.com\/es\/calabria-iniciativas-de-finales-de-2025-y-principios-de-2026\/#article","isPartOf":{"@id":"https:\/\/constantinianorder.com\/es\/calabria-iniciativas-de-finales-de-2025-y-principios-de-2026\/"},"author":{"name":"Editor Cancelleria","@id":"https:\/\/constantinianorder.com\/#\/schema\/person\/7ce661934266ce0ef0fb6017d14b1be1"},"headline":"Calabria: iniciativas de finales de 2025 y principios de 2026","datePublished":"2026-01-08T12:30:41+00:00","dateModified":"2026-02-24T09:19:41+00:00","mainEntityOfPage":{"@id":"https:\/\/constantinianorder.com\/es\/calabria-iniciativas-de-finales-de-2025-y-principios-de-2026\/"},"wordCount":1195,"publisher":{"@id":"https:\/\/constantinianorder.com\/#organization"},"image":{"@id":"https:\/\/constantinianorder.com\/es\/calabria-iniciativas-de-finales-de-2025-y-principios-de-2026\/#primaryimage"},"thumbnailUrl":"https:\/\/constantinianorder.com\/wp-content\/uploads\/2026\/01\/7-ottobre-1024x769.jpg","articleSection":["Delegaci\u00f3n de la Calabria"],"inLanguage":"es"},{"@type":"WebPage","@id":"https:\/\/constantinianorder.com\/es\/calabria-iniciativas-de-finales-de-2025-y-principios-de-2026\/","url":"https:\/\/constantinianorder.com\/es\/calabria-iniciativas-de-finales-de-2025-y-principios-de-2026\/","name":"Calabria: iniciativas de finales de 2025 y principios de 2026 - Sacro Militare Ordine Costantiniano di San Giorgio","isPartOf":{"@id":"https:\/\/constantinianorder.com\/#website"},"primaryImageOfPage":{"@id":"https:\/\/constantinianorder.com\/es\/calabria-iniciativas-de-finales-de-2025-y-principios-de-2026\/#primaryimage"},"image":{"@id":"https:\/\/constantinianorder.com\/es\/calabria-iniciativas-de-finales-de-2025-y-principios-de-2026\/#primaryimage"},"thumbnailUrl":"https:\/\/constantinianorder.com\/wp-content\/uploads\/2026\/01\/7-ottobre-1024x769.jpg","datePublished":"2026-01-08T12:30:41+00:00","dateModified":"2026-02-24T09:19:41+00:00","breadcrumb":{"@id":"https:\/\/constantinianorder.com\/es\/calabria-iniciativas-de-finales-de-2025-y-principios-de-2026\/#breadcrumb"},"inLanguage":"es","potentialAction":[{"@type":"ReadAction","target":["https:\/\/constantinianorder.com\/es\/calabria-iniciativas-de-finales-de-2025-y-principios-de-2026\/"]}]},{"@type":"ImageObject","inLanguage":"es","@id":"https:\/\/constantinianorder.com\/es\/calabria-iniciativas-de-finales-de-2025-y-principios-de-2026\/#primaryimage","url":"https:\/\/constantinianorder.com\/wp-content\/uploads\/2026\/01\/7-ottobre-1024x769.jpg","contentUrl":"https:\/\/constantinianorder.com\/wp-content\/uploads\/2026\/01\/7-ottobre-1024x769.jpg"},{"@type":"BreadcrumbList","@id":"https:\/\/constantinianorder.com\/es\/calabria-iniciativas-de-finales-de-2025-y-principios-de-2026\/#breadcrumb","itemListElement":[{"@type":"ListItem","position":1,"name":"Home","item":"https:\/\/constantinianorder.com\/en\/"},{"@type":"ListItem","position":2,"name":"Calabria: iniciativas de finales de 2025 y principios de 2026"}]},{"@type":"WebSite","@id":"https:\/\/constantinianorder.com\/#website","url":"https:\/\/constantinianorder.com\/","name":"Sacro Militare Ordine Costantiniano di San Giorgio","description":"Ordine Ufficiale","publisher":{"@id":"https:\/\/constantinianorder.com\/#organization"},"potentialAction":[{"@type":"SearchAction","target":{"@type":"EntryPoint","urlTemplate":"https:\/\/constantinianorder.com\/?s={search_term_string}"},"query-input":{"@type":"PropertyValueSpecification","valueRequired":true,"valueName":"search_term_string"}}],"inLanguage":"es"},{"@type":"Organization","@id":"https:\/\/constantinianorder.com\/#organization","name":"Sacro Militare Ordine Costantiniano di San Giorgio","url":"https:\/\/constantinianorder.com\/","logo":{"@type":"ImageObject","inLanguage":"es","@id":"https:\/\/constantinianorder.com\/#\/schema\/logo\/image\/","url":"https:\/\/constantinianorder.com\/wp-content\/uploads\/2025\/10\/cropped-logo-costantiniano.png","contentUrl":"https:\/\/constantinianorder.com\/wp-content\/uploads\/2025\/10\/cropped-logo-costantiniano.png","width":512,"height":512,"caption":"Sacro Militare Ordine Costantiniano di San Giorgio"},"image":{"@id":"https:\/\/constantinianorder.com\/#\/schema\/logo\/image\/"},"sameAs":["https:\/\/www.facebook.com\/constantinianorder","https:\/\/www.instagram.com\/constantinianorder\/","https:\/\/www.youtube.com\/@granmagisterodelsacromilit9375"]},{"@type":"Person","@id":"https:\/\/constantinianorder.com\/#\/schema\/person\/7ce661934266ce0ef0fb6017d14b1be1","name":"Editor Cancelleria","url":"https:\/\/constantinianorder.com\/es\/author\/cancelleria\/"}]}},"_links":{"self":[{"href":"https:\/\/constantinianorder.com\/es\/wp-json\/wp\/v2\/posts\/101912","targetHints":{"allow":["GET"]}}],"collection":[{"href":"https:\/\/constantinianorder.com\/es\/wp-json\/wp\/v2\/posts"}],"about":[{"href":"https:\/\/constantinianorder.com\/es\/wp-json\/wp\/v2\/types\/post"}],"author":[{"embeddable":true,"href":"https:\/\/constantinianorder.com\/es\/wp-json\/wp\/v2\/users\/5"}],"replies":[{"embeddable":true,"href":"https:\/\/constantinianorder.com\/es\/wp-json\/wp\/v2\/comments?post=101912"}],"version-history":[{"count":9,"href":"https:\/\/constantinianorder.com\/es\/wp-json\/wp\/v2\/posts\/101912\/revisions"}],"predecessor-version":[{"id":102583,"href":"https:\/\/constantinianorder.com\/es\/wp-json\/wp\/v2\/posts\/101912\/revisions\/102583"}],"wp:attachment":[{"href":"https:\/\/constantinianorder.com\/es\/wp-json\/wp\/v2\/media?parent=101912"}],"wp:term":[{"taxonomy":"category","embeddable":true,"href":"https:\/\/constantinianorder.com\/es\/wp-json\/wp\/v2\/categories?post=101912"},{"taxonomy":"post_tag","embeddable":true,"href":"https:\/\/constantinianorder.com\/es\/wp-json\/wp\/v2\/tags?post=101912"}],"curies":[{"name":"wp","href":"https:\/\/api.w.org\/{rel}","templated":true}]}}