{"id":101063,"date":"2026-01-27T18:55:00","date_gmt":"2026-01-27T18:55:00","guid":{"rendered":"https:\/\/constantinianorder.com\/nuevo-organigrama-de-la-delegacion-de-roma-y-lazio\/"},"modified":"2026-03-09T14:53:29","modified_gmt":"2026-03-09T14:53:29","slug":"nuevo-organigrama-de-la-delegacion-de-roma-y-lazio","status":"publish","type":"post","link":"https:\/\/constantinianorder.com\/es\/nuevo-organigrama-de-la-delegacion-de-roma-y-lazio\/","title":{"rendered":"Nuevo Organigrama de la Delegaci\u00f3n de Roma y Lazio"},"content":{"rendered":"\n<p>Martes, 27 de enero de 2026 \u2013 S.A.R. el Pr\u00edncipe Carlos de Borb\u00f3n de las Dos Sicilias, Duque de Castro y Gran Maestro, ha definido el nuevo organigrama de la Delegaci\u00f3n de Roma y Lazio. Se designa como Delegado al Conte Don Alessandro Gaetani dell\u2019Aquila d\u2019Aragona dei Duchi di Laurenzana Patrizio Napolitano, Caballero Gran Oficial de Justicia.<\/p>\n\n<p>El Delegado puede ser contactado en la direcci\u00f3n de correo institucional <a href=\"mailto:delegato.romaelazio@ordine-costantiniano.it\">delegato.romaelazio@ordine-costantiniano.it<\/a>.<\/p>\n\n<p>El Gran Maestro ha confirmado como Delegado Vicario al Nobile Avvocato Gualtiero Ventura, Caballero Comendador de Gracia (<a href=\"mailto:delegatovicario.romaelazio@ordine-costantiniano.it\">delegatovicario.romaelazio@ordine-costantiniano.it<\/a>).<\/p>\n\n<p>El Delegado ha nombrado al Avvocato Franco Ciufo como Representante para las Ciudades y Provincias de Latina y Frosinone (<a href=\"mailto:rappresentante.lt-fr@ordine-costantiniano.it\" target=\"_blank\" rel=\"noreferrer noopener\">rappresentante.lt-fr@ordine-costantiniano.it<\/a>) y al Avvocato Salvatore Scafetta como Representante para la Ciudad de Gaeta (<a href=\"mailto:rappresentante.gaeta@ordine-costantiniano.it\" target=\"_blank\" rel=\"noreferrer noopener\">rappresentante.gaeta@ordine-costantiniano.it<\/a>).<\/p>\n\n<p>Asimismo, el Delegado ha constituido el Consejo, compuesto de la siguiente manera:<\/p>\n\n<ul class=\"wp-block-list\">\n<li>Nobile Avvocato Franco Ciufo, Caballero de Gran Cruz de Gracia<\/li>\n\n\n\n<li>Avvocato Salvatore Scafetta, Caballero Comendador de M\u00e9rito<\/li>\n\n\n\n<li>Nobile Giuseppe Ferrajoli, Marchese di Filacciano, Caballero Gran Oficial de Justicia<\/li>\n\n\n\n<li>Don Guglielmo dei Principi Giovanelli Marconi, <em>Caballero de Justicia<\/em><\/li>\n\n\n\n<li>Contessa Milena De Magistris Von Rex, Dama Oficial de Justicia<\/li>\n\n\n\n<li>Dott.ssa Simonetta Matone, Dama Comendador de M\u00e9rito<\/li>\n\n\n\n<li>Dott. Edoardo La Rosa, Caballero de M\u00e9rito<\/li>\n<\/ul>\n","protected":false},"excerpt":{"rendered":"<p>Martes, 27 de enero de 2026 \u2013 S.A.R. el Pr\u00edncipe Carlos de Borb\u00f3n de las Dos Sicilias, Duque de Castro y Gran Maestro, ha definido el nuevo organigrama de la Delegaci\u00f3n de Roma y Lazio. Se designa como Delegado al Conte Don Alessandro Gaetani dell\u2019Aquila d\u2019Aragona dei Duchi di Laurenzana Patrizio Napolitano, Caballero Gran Oficial [&hellip;]<\/p>\n","protected":false},"author":7,"featured_media":0,"comment_status":"closed","ping_status":"closed","sticky":false,"template":"","format":"standard","meta":{"footnotes":""},"categories":[81],"tags":[],"class_list":["post-101063","post","type-post","status-publish","format-standard","hentry","category-comunicados-del-gran-magisterio"],"yoast_head":"<!-- This site is optimized with the Yoast SEO plugin v26.5 - https:\/\/yoast.com\/wordpress\/plugins\/seo\/ -->\n<title>Nuevo Organigrama de la Delegaci\u00f3n de Roma y Lazio - Sacro Militare Ordine Costantiniano di San Giorgio<\/title>\n<meta name=\"robots\" content=\"index, follow, max-snippet:-1, max-image-preview:large, max-video-preview:-1\" \/>\n<link rel=\"canonical\" href=\"https:\/\/constantinianorder.com\/es\/nuevo-organigrama-de-la-delegacion-de-roma-y-lazio\/\" \/>\n<meta property=\"og:locale\" content=\"es_ES\" \/>\n<meta property=\"og:type\" content=\"article\" \/>\n<meta property=\"og:title\" content=\"Nuevo Organigrama de la Delegaci\u00f3n de Roma y Lazio - Sacro Militare Ordine Costantiniano di San Giorgio\" \/>\n<meta property=\"og:description\" content=\"Martes, 27 de enero de 2026 \u2013 S.A.R. el Pr\u00edncipe Carlos de Borb\u00f3n de las Dos Sicilias, Duque de Castro y Gran Maestro, ha definido el nuevo organigrama de la Delegaci\u00f3n de Roma y Lazio. Se designa como Delegado al Conte Don Alessandro Gaetani dell\u2019Aquila d\u2019Aragona dei Duchi di Laurenzana Patrizio Napolitano, Caballero Gran Oficial [&hellip;]\" \/>\n<meta property=\"og:url\" content=\"https:\/\/constantinianorder.com\/es\/nuevo-organigrama-de-la-delegacion-de-roma-y-lazio\/\" \/>\n<meta property=\"og:site_name\" content=\"Sacro Militare Ordine Costantiniano di San Giorgio\" \/>\n<meta property=\"article:publisher\" content=\"https:\/\/www.facebook.com\/constantinianorder\" \/>\n<meta property=\"article:published_time\" content=\"2026-01-27T18:55:00+00:00\" \/>\n<meta property=\"article:modified_time\" content=\"2026-03-09T14:53:29+00:00\" \/>\n<meta name=\"author\" content=\"Admin Cancelleria\" \/>\n<meta name=\"twitter:card\" content=\"summary_large_image\" \/>\n<meta name=\"twitter:label1\" content=\"Escrito por\" \/>\n\t<meta name=\"twitter:data1\" content=\"Admin Cancelleria\" \/>\n\t<meta name=\"twitter:label2\" content=\"Tiempo de lectura\" \/>\n\t<meta name=\"twitter:data2\" content=\"1 minuto\" \/>\n<script type=\"application\/ld+json\" class=\"yoast-schema-graph\">{\"@context\":\"https:\/\/schema.org\",\"@graph\":[{\"@type\":\"Article\",\"@id\":\"https:\/\/constantinianorder.com\/es\/nuevo-organigrama-de-la-delegacion-de-roma-y-lazio\/#article\",\"isPartOf\":{\"@id\":\"https:\/\/constantinianorder.com\/es\/nuevo-organigrama-de-la-delegacion-de-roma-y-lazio\/\"},\"author\":{\"name\":\"Admin Cancelleria\",\"@id\":\"https:\/\/constantinianorder.com\/#\/schema\/person\/179fca3f4e743e4ab01a659a6580a4a4\"},\"headline\":\"Nuevo Organigrama de la Delegaci\u00f3n de Roma y Lazio\",\"datePublished\":\"2026-01-27T18:55:00+00:00\",\"dateModified\":\"2026-03-09T14:53:29+00:00\",\"mainEntityOfPage\":{\"@id\":\"https:\/\/constantinianorder.com\/es\/nuevo-organigrama-de-la-delegacion-de-roma-y-lazio\/\"},\"wordCount\":224,\"publisher\":{\"@id\":\"https:\/\/constantinianorder.com\/#organization\"},\"articleSection\":[\"Comunicados del Gran Magisterio\"],\"inLanguage\":\"es\"},{\"@type\":\"WebPage\",\"@id\":\"https:\/\/constantinianorder.com\/es\/nuevo-organigrama-de-la-delegacion-de-roma-y-lazio\/\",\"url\":\"https:\/\/constantinianorder.com\/es\/nuevo-organigrama-de-la-delegacion-de-roma-y-lazio\/\",\"name\":\"Nuevo Organigrama de la Delegaci\u00f3n de Roma y Lazio - Sacro Militare Ordine Costantiniano di San Giorgio\",\"isPartOf\":{\"@id\":\"https:\/\/constantinianorder.com\/#website\"},\"datePublished\":\"2026-01-27T18:55:00+00:00\",\"dateModified\":\"2026-03-09T14:53:29+00:00\",\"breadcrumb\":{\"@id\":\"https:\/\/constantinianorder.com\/es\/nuevo-organigrama-de-la-delegacion-de-roma-y-lazio\/#breadcrumb\"},\"inLanguage\":\"es\",\"potentialAction\":[{\"@type\":\"ReadAction\",\"target\":[\"https:\/\/constantinianorder.com\/es\/nuevo-organigrama-de-la-delegacion-de-roma-y-lazio\/\"]}]},{\"@type\":\"BreadcrumbList\",\"@id\":\"https:\/\/constantinianorder.com\/es\/nuevo-organigrama-de-la-delegacion-de-roma-y-lazio\/#breadcrumb\",\"itemListElement\":[{\"@type\":\"ListItem\",\"position\":1,\"name\":\"Home\",\"item\":\"https:\/\/constantinianorder.com\/en\/\"},{\"@type\":\"ListItem\",\"position\":2,\"name\":\"Nuevo Organigrama de la Delegaci\u00f3n de Roma y Lazio\"}]},{\"@type\":\"WebSite\",\"@id\":\"https:\/\/constantinianorder.com\/#website\",\"url\":\"https:\/\/constantinianorder.com\/\",\"name\":\"Sacro Militare Ordine Costantiniano di San Giorgio\",\"description\":\"Ordine Ufficiale\",\"publisher\":{\"@id\":\"https:\/\/constantinianorder.com\/#organization\"},\"potentialAction\":[{\"@type\":\"SearchAction\",\"target\":{\"@type\":\"EntryPoint\",\"urlTemplate\":\"https:\/\/constantinianorder.com\/?s={search_term_string}\"},\"query-input\":{\"@type\":\"PropertyValueSpecification\",\"valueRequired\":true,\"valueName\":\"search_term_string\"}}],\"inLanguage\":\"es\"},{\"@type\":\"Organization\",\"@id\":\"https:\/\/constantinianorder.com\/#organization\",\"name\":\"Sacro Militare Ordine Costantiniano di San Giorgio\",\"url\":\"https:\/\/constantinianorder.com\/\",\"logo\":{\"@type\":\"ImageObject\",\"inLanguage\":\"es\",\"@id\":\"https:\/\/constantinianorder.com\/#\/schema\/logo\/image\/\",\"url\":\"https:\/\/constantinianorder.com\/wp-content\/uploads\/2025\/10\/cropped-logo-costantiniano.png\",\"contentUrl\":\"https:\/\/constantinianorder.com\/wp-content\/uploads\/2025\/10\/cropped-logo-costantiniano.png\",\"width\":512,\"height\":512,\"caption\":\"Sacro Militare Ordine Costantiniano di San Giorgio\"},\"image\":{\"@id\":\"https:\/\/constantinianorder.com\/#\/schema\/logo\/image\/\"},\"sameAs\":[\"https:\/\/www.facebook.com\/constantinianorder\",\"https:\/\/www.instagram.com\/constantinianorder\/\",\"https:\/\/www.youtube.com\/@granmagisterodelsacromilit9375\"]},{\"@type\":\"Person\",\"@id\":\"https:\/\/constantinianorder.com\/#\/schema\/person\/179fca3f4e743e4ab01a659a6580a4a4\",\"name\":\"Admin Cancelleria\",\"url\":\"https:\/\/constantinianorder.com\/es\/author\/admin-cancelleria\/\"}]}<\/script>\n<!-- \/ Yoast SEO plugin. -->","yoast_head_json":{"title":"Nuevo Organigrama de la Delegaci\u00f3n de Roma y Lazio - Sacro Militare Ordine Costantiniano di San Giorgio","robots":{"index":"index","follow":"follow","max-snippet":"max-snippet:-1","max-image-preview":"max-image-preview:large","max-video-preview":"max-video-preview:-1"},"canonical":"https:\/\/constantinianorder.com\/es\/nuevo-organigrama-de-la-delegacion-de-roma-y-lazio\/","og_locale":"es_ES","og_type":"article","og_title":"Nuevo Organigrama de la Delegaci\u00f3n de Roma y Lazio - Sacro Militare Ordine Costantiniano di San Giorgio","og_description":"Martes, 27 de enero de 2026 \u2013 S.A.R. el Pr\u00edncipe Carlos de Borb\u00f3n de las Dos Sicilias, Duque de Castro y Gran Maestro, ha definido el nuevo organigrama de la Delegaci\u00f3n de Roma y Lazio. Se designa como Delegado al Conte Don Alessandro Gaetani dell\u2019Aquila d\u2019Aragona dei Duchi di Laurenzana Patrizio Napolitano, Caballero Gran Oficial [&hellip;]","og_url":"https:\/\/constantinianorder.com\/es\/nuevo-organigrama-de-la-delegacion-de-roma-y-lazio\/","og_site_name":"Sacro Militare Ordine Costantiniano di San Giorgio","article_publisher":"https:\/\/www.facebook.com\/constantinianorder","article_published_time":"2026-01-27T18:55:00+00:00","article_modified_time":"2026-03-09T14:53:29+00:00","author":"Admin Cancelleria","twitter_card":"summary_large_image","twitter_misc":{"Escrito por":"Admin Cancelleria","Tiempo de lectura":"1 minuto"},"schema":{"@context":"https:\/\/schema.org","@graph":[{"@type":"Article","@id":"https:\/\/constantinianorder.com\/es\/nuevo-organigrama-de-la-delegacion-de-roma-y-lazio\/#article","isPartOf":{"@id":"https:\/\/constantinianorder.com\/es\/nuevo-organigrama-de-la-delegacion-de-roma-y-lazio\/"},"author":{"name":"Admin Cancelleria","@id":"https:\/\/constantinianorder.com\/#\/schema\/person\/179fca3f4e743e4ab01a659a6580a4a4"},"headline":"Nuevo Organigrama de la Delegaci\u00f3n de Roma y Lazio","datePublished":"2026-01-27T18:55:00+00:00","dateModified":"2026-03-09T14:53:29+00:00","mainEntityOfPage":{"@id":"https:\/\/constantinianorder.com\/es\/nuevo-organigrama-de-la-delegacion-de-roma-y-lazio\/"},"wordCount":224,"publisher":{"@id":"https:\/\/constantinianorder.com\/#organization"},"articleSection":["Comunicados del Gran Magisterio"],"inLanguage":"es"},{"@type":"WebPage","@id":"https:\/\/constantinianorder.com\/es\/nuevo-organigrama-de-la-delegacion-de-roma-y-lazio\/","url":"https:\/\/constantinianorder.com\/es\/nuevo-organigrama-de-la-delegacion-de-roma-y-lazio\/","name":"Nuevo Organigrama de la Delegaci\u00f3n de Roma y Lazio - Sacro Militare Ordine Costantiniano di San Giorgio","isPartOf":{"@id":"https:\/\/constantinianorder.com\/#website"},"datePublished":"2026-01-27T18:55:00+00:00","dateModified":"2026-03-09T14:53:29+00:00","breadcrumb":{"@id":"https:\/\/constantinianorder.com\/es\/nuevo-organigrama-de-la-delegacion-de-roma-y-lazio\/#breadcrumb"},"inLanguage":"es","potentialAction":[{"@type":"ReadAction","target":["https:\/\/constantinianorder.com\/es\/nuevo-organigrama-de-la-delegacion-de-roma-y-lazio\/"]}]},{"@type":"BreadcrumbList","@id":"https:\/\/constantinianorder.com\/es\/nuevo-organigrama-de-la-delegacion-de-roma-y-lazio\/#breadcrumb","itemListElement":[{"@type":"ListItem","position":1,"name":"Home","item":"https:\/\/constantinianorder.com\/en\/"},{"@type":"ListItem","position":2,"name":"Nuevo Organigrama de la Delegaci\u00f3n de Roma y Lazio"}]},{"@type":"WebSite","@id":"https:\/\/constantinianorder.com\/#website","url":"https:\/\/constantinianorder.com\/","name":"Sacro Militare Ordine Costantiniano di San Giorgio","description":"Ordine Ufficiale","publisher":{"@id":"https:\/\/constantinianorder.com\/#organization"},"potentialAction":[{"@type":"SearchAction","target":{"@type":"EntryPoint","urlTemplate":"https:\/\/constantinianorder.com\/?s={search_term_string}"},"query-input":{"@type":"PropertyValueSpecification","valueRequired":true,"valueName":"search_term_string"}}],"inLanguage":"es"},{"@type":"Organization","@id":"https:\/\/constantinianorder.com\/#organization","name":"Sacro Militare Ordine Costantiniano di San Giorgio","url":"https:\/\/constantinianorder.com\/","logo":{"@type":"ImageObject","inLanguage":"es","@id":"https:\/\/constantinianorder.com\/#\/schema\/logo\/image\/","url":"https:\/\/constantinianorder.com\/wp-content\/uploads\/2025\/10\/cropped-logo-costantiniano.png","contentUrl":"https:\/\/constantinianorder.com\/wp-content\/uploads\/2025\/10\/cropped-logo-costantiniano.png","width":512,"height":512,"caption":"Sacro Militare Ordine Costantiniano di San Giorgio"},"image":{"@id":"https:\/\/constantinianorder.com\/#\/schema\/logo\/image\/"},"sameAs":["https:\/\/www.facebook.com\/constantinianorder","https:\/\/www.instagram.com\/constantinianorder\/","https:\/\/www.youtube.com\/@granmagisterodelsacromilit9375"]},{"@type":"Person","@id":"https:\/\/constantinianorder.com\/#\/schema\/person\/179fca3f4e743e4ab01a659a6580a4a4","name":"Admin Cancelleria","url":"https:\/\/constantinianorder.com\/es\/author\/admin-cancelleria\/"}]}},"_links":{"self":[{"href":"https:\/\/constantinianorder.com\/es\/wp-json\/wp\/v2\/posts\/101063","targetHints":{"allow":["GET"]}}],"collection":[{"href":"https:\/\/constantinianorder.com\/es\/wp-json\/wp\/v2\/posts"}],"about":[{"href":"https:\/\/constantinianorder.com\/es\/wp-json\/wp\/v2\/types\/post"}],"author":[{"embeddable":true,"href":"https:\/\/constantinianorder.com\/es\/wp-json\/wp\/v2\/users\/7"}],"replies":[{"embeddable":true,"href":"https:\/\/constantinianorder.com\/es\/wp-json\/wp\/v2\/comments?post=101063"}],"version-history":[{"count":5,"href":"https:\/\/constantinianorder.com\/es\/wp-json\/wp\/v2\/posts\/101063\/revisions"}],"predecessor-version":[{"id":103744,"href":"https:\/\/constantinianorder.com\/es\/wp-json\/wp\/v2\/posts\/101063\/revisions\/103744"}],"wp:attachment":[{"href":"https:\/\/constantinianorder.com\/es\/wp-json\/wp\/v2\/media?parent=101063"}],"wp:term":[{"taxonomy":"category","embeddable":true,"href":"https:\/\/constantinianorder.com\/es\/wp-json\/wp\/v2\/categories?post=101063"},{"taxonomy":"post_tag","embeddable":true,"href":"https:\/\/constantinianorder.com\/es\/wp-json\/wp\/v2\/tags?post=101063"}],"curies":[{"name":"wp","href":"https:\/\/api.w.org\/{rel}","templated":true}]}}